{"id":64766,"date":"2023-06-14T14:51:46","date_gmt":"2023-06-14T13:51:46","guid":{"rendered":"https:\/\/unm.fr\/?p=64766"},"modified":"2024-08-13T10:50:08","modified_gmt":"2024-08-13T08:50:08","slug":"en-iso-astm-52911-3-fabrication-additive-conception-partie-3-pbf-eb-de-materiaux-metalliques","status":"publish","type":"post","link":"https:\/\/unm.fr\/en\/standards-of-the-month\/en-iso-astm-52911-3-fabrication-additive-conception-partie-3-pbf-eb-de-materiaux-metalliques\/","title":{"rendered":"EN ISO\/ASTM 52911-3 Fabrication additive \u2014 Conception \u2014 Partie 3 : PBF-EB de mat\u00e9riaux m\u00e9talliques"},"content":{"rendered":"\t\t<div data-elementor-type=\"wp-post\" data-elementor-id=\"64766\" class=\"elementor elementor-64766\" data-elementor-post-type=\"post\">\n\t\t\t\t<div class=\"elementor-element elementor-element-f9554bf e-flex e-con-boxed e-con e-parent\" data-id=\"f9554bf\" data-element_type=\"container\" data-e-type=\"container\" data-settings=\"{&quot;jet_parallax_layout_list&quot;:[]}\">\n\t\t\t\t\t<div class=\"e-con-inner\">\n\t\t\t\t<div class=\"elementor-element elementor-element-b965f2d elementor-widget elementor-widget-text-editor\" data-id=\"b965f2d\" data-element_type=\"widget\" data-e-type=\"widget\" data-widget_type=\"text-editor.default\">\n\t\t\t\t<div class=\"elementor-widget-container\">\n\t\t\t\t\t\t\t\t\t<p><em>Fabrication additive\u00a0: la s\u00e9rie ISO\/ASTM 52911 \u00e9toff\u00e9e d\u2019une nouvelle technologie de PBF<\/em><\/p><p>Inscrite au programme de travail de l\u2019ISO\/TC\u00a0261 depuis 2018, la partie 3 de l\u2019ISO\/ASTM\u00a052911 normalise le volet conception de la fusion de poudre m\u00e9tallique par faisceau d&#8217;\u00e9lectrons<\/p><p>La normalisation en fabrication additive repose maintenant sur un triptyque robuste mis au point par les experts de l\u2019ISO\/TC\u00a0261\/JG\u00a057 \u00ab\u00a0Lignes directrices sp\u00e9cifiques concernant la fusion sur lit de poudre\u00a0\u00bb. Publi\u00e9e en mars 2023, la norme NF\u00a0EN\u00a0ISO\/ASTM\u00a052911-3, <em>Fabrication additive \u2014 Conception \u2014 Partie 3 : PBF-EB de mat\u00e9riaux m\u00e9talliques<\/em> s\u2019ajoute \u00e0 la s\u00e9rie ISO\/ASTM\u00a052911 qui compl\u00e8te, quant \u00e0 elle, la norme ISO\/ASTM\u00a052910, <em>Fabrication additive \u2014 Conception \u2014 Exigences, lignes directrices et recommandations<\/em>, de 2018.<\/p><p>Les deux premi\u00e8res parties de la s\u00e9rie, publi\u00e9es en 2019, traitent de la fusion laser\u00a0: la partie 1 sur lit de poudre m\u00e9tallique (PBF-LB\/M) et la partie 2, sur lit de poudre polym\u00e8re (PBF-LB\/P). La partie 3, inscrite au programme de travail de l\u2019ISO\/TC 261 \u00ab\u00a0Fabrication additive\u00a0\u00bb depuis avril 2018 au stade pr\u00e9liminaire, et qui est aussi ax\u00e9e sur le m\u00e9tal, couvre la fusion par faisceau d\u2019\u00e9lectrons (PBF-EB\/M). Cela signifie que les poudres m\u00e9talliques sont fusionn\u00e9es, non pas gr\u00e2ce \u00e0 un laser, mais gr\u00e2ce \u00e0 un puissant (jusque 3\u00a0600 W) faisceau d\u2019\u00e9lectrons (<em>Electron Beam<\/em>) en suivant les sp\u00e9cifications exactes d\u2019un mod\u00e8le num\u00e9rique 3D. Cette technologie permet encore de s\u2019affranchir de supports pour empiler les couches, sans compromettre la finition et la pr\u00e9cision de surface.<\/p><p>Parmi les aspects couverts par la troisi\u00e8me partie, l\u2019on retrouve la taille des pi\u00e8ces, l&#8217;optimisation du positionnement de la pi\u00e8ce, des caract\u00e9ristiques de mat\u00e9riaux et de structures, de l\u2019orientation de fabrication, du positionnement, de la rugosit\u00e9, de la finition en postproduction, de la particularit\u00e9 du proc\u00e9d\u00e9 lors de la conception d\u2019\u00e9l\u00e9ments g\u00e9om\u00e9triques types (cavit\u00e9s, \u00e9cartements, \u00e9paisseurs des parois, trous et canaux\u2026).<\/p><p>Le but du document, en effet, est de sp\u00e9cifier les caract\u00e9ristiques de la PBF-EB\/M et de fournir des recommandations de conception d\u00e9taill\u00e9es. Il se destine \u00e0 aider les utilisateurs \u00e0 identifier les avantages et les inconv\u00e9nients du proc\u00e9d\u00e9 et \u00e0 en conna\u00eetre les limites.<\/p><p>La reprise de cette norme ISO\/ASTM en norme europ\u00e9enne a \u00e9t\u00e9 d\u00e9volue au CEN\/TC\u00a0438 \u00ab\u00a0Fabrication additive\u00a0\u00bb, \u00e0 animation et secr\u00e9tariat fran\u00e7ais avec Eric BAUSTERT (VOLUM-E) et Cyrielle FOURNIER (UNM), respectivement. Au niveau fran\u00e7ais, l\u2019expert Benoit VERQUIN (CETIM), membre de la commission UNM\u00a0920 \u00ab\u00a0Fabrication additive\u00a0\u00bb, s\u2019est particuli\u00e8rement investi dans les travaux de r\u00e9daction de cette norme.<\/p><p>Pour rappel, la fusion sur lit de poudre est un proc\u00e9d\u00e9 de fabrication additive (FA) qui offre des alternatives de fabrication suppl\u00e9mentaires aux autres proc\u00e9d\u00e9s de FA \u00e9tablis. Il permet non seulement de r\u00e9duire les co\u00fbts et d\u00e9lais de fabrication, mais aussi d&#8217;aboutir \u00e0 des pi\u00e8ces plus l\u00e9g\u00e8res.<\/p>\t\t\t\t\t\t\t\t<\/div>\n\t\t\t\t<\/div>\n\t\t\t\t\t<\/div>\n\t\t\t\t<\/div>\n\t\t\t\t<\/div>\n\t\t","protected":false},"excerpt":{"rendered":"<p>Inscrite au programme de travail de l\u2019ISO\/TC 261 &#8220;Fabrication Additive&#8221; depuis 2018, la partie 3 de la 52911 normalise le volet conception de la fusion de poudre m\u00e9tallique par faisceau d&#8217;\u00e9lectrons<\/p>\n","protected":false},"author":8,"featured_media":64660,"comment_status":"closed","ping_status":"closed","sticky":false,"template":"","format":"standard","meta":{"date-de-webinaire":0,"heure-webinaire":"","duree-webinaire":"","lien-bouton-cta":"","footnotes":""},"categories":[38],"tags":[],"normes-associees":[3328,3485],"thematique":[84],"class_list":["post-64766","post","type-post","status-publish","format-standard","has-post-thumbnail","hentry","category-focus-norme","normes-associees-en-iso-astm-52911-serie","normes-associees-iso-astm-52910","thematique-fabrication-additive"],"_links":{"self":[{"href":"https:\/\/unm.fr\/en\/wp-json\/wp\/v2\/posts\/64766","targetHints":{"allow":["GET"]}}],"collection":[{"href":"https:\/\/unm.fr\/en\/wp-json\/wp\/v2\/posts"}],"about":[{"href":"https:\/\/unm.fr\/en\/wp-json\/wp\/v2\/types\/post"}],"author":[{"embeddable":true,"href":"https:\/\/unm.fr\/en\/wp-json\/wp\/v2\/users\/8"}],"replies":[{"embeddable":true,"href":"https:\/\/unm.fr\/en\/wp-json\/wp\/v2\/comments?post=64766"}],"version-history":[{"count":9,"href":"https:\/\/unm.fr\/en\/wp-json\/wp\/v2\/posts\/64766\/revisions"}],"predecessor-version":[{"id":72231,"href":"https:\/\/unm.fr\/en\/wp-json\/wp\/v2\/posts\/64766\/revisions\/72231"}],"wp:featuredmedia":[{"embeddable":true,"href":"https:\/\/unm.fr\/en\/wp-json\/wp\/v2\/media\/64660"}],"wp:attachment":[{"href":"https:\/\/unm.fr\/en\/wp-json\/wp\/v2\/media?parent=64766"}],"wp:term":[{"taxonomy":"category","embeddable":true,"href":"https:\/\/unm.fr\/en\/wp-json\/wp\/v2\/categories?post=64766"},{"taxonomy":"post_tag","embeddable":true,"href":"https:\/\/unm.fr\/en\/wp-json\/wp\/v2\/tags?post=64766"},{"taxonomy":"normes-associees","embeddable":true,"href":"https:\/\/unm.fr\/en\/wp-json\/wp\/v2\/normes-associees?post=64766"},{"taxonomy":"thematique","embeddable":true,"href":"https:\/\/unm.fr\/en\/wp-json\/wp\/v2\/thematique?post=64766"}],"curies":[{"name":"wp","href":"https:\/\/api.w.org\/{rel}","templated":true}]}}