{"id":64684,"date":"2023-06-14T11:58:29","date_gmt":"2023-06-14T10:58:29","guid":{"rendered":"https:\/\/unm.fr\/?p=64684"},"modified":"2023-06-15T12:26:33","modified_gmt":"2023-06-15T11:26:33","slug":"outillage-de-presse-et-de-moulage","status":"publish","type":"post","link":"https:\/\/unm.fr\/en\/news\/outillage-de-presse-et-de-moulage\/","title":{"rendered":"Outillage de presse et de moulage"},"content":{"rendered":"\t\t<div data-elementor-type=\"wp-post\" data-elementor-id=\"64684\" class=\"elementor elementor-64684\" data-elementor-post-type=\"post\">\n\t\t\t\t<div class=\"elementor-element elementor-element-bd4f1c8 e-flex e-con-boxed e-con e-parent\" data-id=\"bd4f1c8\" data-element_type=\"container\" data-e-type=\"container\" data-settings=\"{&quot;jet_parallax_layout_list&quot;:[]}\">\n\t\t\t\t\t<div class=\"e-con-inner\">\n\t\t\t\t<div class=\"elementor-element elementor-element-6df6648 elementor-widget elementor-widget-text-editor\" data-id=\"6df6648\" data-element_type=\"widget\" data-e-type=\"widget\" data-widget_type=\"text-editor.default\">\n\t\t\t\t<div class=\"elementor-widget-container\">\n\t\t\t\t\t\t\t\t\t<p>La normalisation des colonnes de guidage, qu\u2019elles soient destin\u00e9es aux outillages de presse ou aux outillages de moulage, \u00e9tait une fois de plus au c\u0153ur des d\u00e9bats de la r\u00e9union de l\u2019ISO\/TC\u00a029\/SC\u00a08 \u00ab\u00a0Outillage de presse et de moulage\u00a0\u00bb, qui s\u2019est tenue le 27 avril 2023.<\/p><p>\u00a0Tout d\u2019abord, les colonnes de guidage pour outillage de presses \u00ab\u00a0classiques \u00a0\u00bb\u00a0: rondes, normalis\u00e9es \u00e0 l\u2019ISO depuis 1992, elle se d\u00e9clinent suivant leur type, dans l\u2019une des cinq parties de la norme ISO\u00a09182. Dans la nouvelle \u00e9dition de l\u2019ISO\u00a09182, les types de colonnes normalis\u00e9s ont \u00e9t\u00e9 revus pour correspondre \u00e0 la r\u00e9alit\u00e9 du march\u00e9. En revanche, leur gamme de diam\u00e8tre reste inchang\u00e9e, car c\u2019est autour de celle-ci que toute la normalisation des \u00e9l\u00e9ments standard est construite.<\/p><p>\u00a0Ensuite, grande nouveaut\u00e9, les colonnes carr\u00e9es pour outillage de moulage\u00a0! Le monde ne tournerait-il plus rond\u00a0? La Chine a pr\u00e9sent\u00e9 en s\u00e9ance un nouveau sujet potentiel sur les colonnes de guidage carr\u00e9es pour outillage de moulage et blocs de frottement. Les d\u00e9l\u00e9gu\u00e9s l\u2019ont accueilli favorablement.<\/p><p>\u00a0Enfin, la d\u00e9l\u00e9gation fran\u00e7aise en la personne de Florent Dupuis (Dayton Progress) a \u00e9galement propos\u00e9 un nouveau sujet potentiel sur les poin\u00e7ons \u00ab\u00a0tulipe\u00a0\u00bb ou \u00ab\u00a0trompette\u00a0\u00bb. Preuve que la par\u00e9idolie peut aussi concerner la m\u00e9canique.<\/p>\t\t\t\t\t\t\t\t<\/div>\n\t\t\t\t<\/div>\n\t\t\t\t\t<\/div>\n\t\t\t\t<\/div>\n\t\t\t\t<\/div>\n\t\t","protected":false},"excerpt":{"rendered":"<p>De nouveaux sujets ont \u00e9t\u00e9 accueillis favorablement dans le domaine de l&#8217;outillage de presse et de moulage, notamment sur les colonnes carr\u00e9es pour outillage de moulage et sur les poin\u00e7ons \u00ab tulipe \u00bb\u2026<\/p>\n","protected":false},"author":8,"featured_media":64693,"comment_status":"closed","ping_status":"closed","sticky":false,"template":"","format":"standard","meta":{"date-de-webinaire":0,"heure-webinaire":"","duree-webinaire":"","lien-bouton-cta":"","footnotes":""},"categories":[42],"tags":[],"normes-associees":[2985],"thematique":[86],"class_list":["post-64684","post","type-post","status-publish","format-standard","has-post-thumbnail","hentry","category-actualite","normes-associees-iso-9182-serie","thematique-composants-et-pieces-mecaniques"],"_links":{"self":[{"href":"https:\/\/unm.fr\/en\/wp-json\/wp\/v2\/posts\/64684","targetHints":{"allow":["GET"]}}],"collection":[{"href":"https:\/\/unm.fr\/en\/wp-json\/wp\/v2\/posts"}],"about":[{"href":"https:\/\/unm.fr\/en\/wp-json\/wp\/v2\/types\/post"}],"author":[{"embeddable":true,"href":"https:\/\/unm.fr\/en\/wp-json\/wp\/v2\/users\/8"}],"replies":[{"embeddable":true,"href":"https:\/\/unm.fr\/en\/wp-json\/wp\/v2\/comments?post=64684"}],"version-history":[{"count":15,"href":"https:\/\/unm.fr\/en\/wp-json\/wp\/v2\/posts\/64684\/revisions"}],"predecessor-version":[{"id":72238,"href":"https:\/\/unm.fr\/en\/wp-json\/wp\/v2\/posts\/64684\/revisions\/72238"}],"wp:featuredmedia":[{"embeddable":true,"href":"https:\/\/unm.fr\/en\/wp-json\/wp\/v2\/media\/64693"}],"wp:attachment":[{"href":"https:\/\/unm.fr\/en\/wp-json\/wp\/v2\/media?parent=64684"}],"wp:term":[{"taxonomy":"category","embeddable":true,"href":"https:\/\/unm.fr\/en\/wp-json\/wp\/v2\/categories?post=64684"},{"taxonomy":"post_tag","embeddable":true,"href":"https:\/\/unm.fr\/en\/wp-json\/wp\/v2\/tags?post=64684"},{"taxonomy":"normes-associees","embeddable":true,"href":"https:\/\/unm.fr\/en\/wp-json\/wp\/v2\/normes-associees?post=64684"},{"taxonomy":"thematique","embeddable":true,"href":"https:\/\/unm.fr\/en\/wp-json\/wp\/v2\/thematique?post=64684"}],"curies":[{"name":"wp","href":"https:\/\/api.w.org\/{rel}","templated":true}]}}