{"id":64664,"date":"2023-06-14T10:49:59","date_gmt":"2023-06-14T09:49:59","guid":{"rendered":"https:\/\/unm.fr\/?p=64664"},"modified":"2024-08-13T11:15:05","modified_gmt":"2024-08-13T09:15:05","slug":"systemes-de-ventilation-pour-les-batiments-2","status":"publish","type":"post","link":"https:\/\/unm.fr\/en\/news\/systemes-de-ventilation-pour-les-batiments-2\/","title":{"rendered":"Syst\u00e8mes de ventilation pour les b\u00e2timents"},"content":{"rendered":"\t\t<div data-elementor-type=\"wp-post\" data-elementor-id=\"64664\" class=\"elementor elementor-64664\" data-elementor-post-type=\"post\">\n\t\t\t\t<div class=\"elementor-element elementor-element-23b5409 e-flex e-con-boxed e-con e-parent\" data-id=\"23b5409\" data-element_type=\"container\" data-e-type=\"container\" data-settings=\"{&quot;jet_parallax_layout_list&quot;:[]}\">\n\t\t\t\t\t<div class=\"e-con-inner\">\n\t\t\t\t<div class=\"elementor-element elementor-element-17b48be elementor-widget elementor-widget-text-editor\" data-id=\"17b48be\" data-element_type=\"widget\" data-e-type=\"widget\" data-widget_type=\"text-editor.default\">\n\t\t\t\t<div class=\"elementor-widget-container\">\n\t\t\t\t\t\t\t\t\t<p>Le comit\u00e9 technique CEN\/TC\u00a0156 \u00ab\u00a0Syst\u00e8mes de ventilation pour les b\u00e2timents\u00a0\u00bb s&#8217;est r\u00e9uni en\u00a0mai dernier \u00e0 Copenhague (Danemark) pour faire le point sur les nombreux travaux en cours dans les diff\u00e9rents groupes de travail. La France assure l\u2019animation de trois de ces groupes, \u00e0 savoir le WG\u00a02 pour la ventilation des logements, le WG\u00a09 pour les mesures anti-incendie et le WG\u00a023 pour l&#8217;inspection des syst\u00e8mes.<\/p><p>Lors de cette r\u00e9union, un sujet en particulier a suscit\u00e9 un vif int\u00e9r\u00eat des d\u00e9l\u00e9gations pr\u00e9sentes, car il fait partie des enjeux fondamentaux de notre \u00e9poque\u00a0: les d\u00e9clarations environnementales de produits pour les composants de ventilation des b\u00e2timents.<\/p><p>Afin de progresser sur ce sujet, le CEN\/TC\u00a0156 a d\u00e9cid\u00e9 de cr\u00e9er un groupe de travail qui sera \u00e0 animation norv\u00e9gienne. L&#8217;objectif sera d\u2019\u00e9laborer un document qui fournira des r\u00e8gles compl\u00e9mentaires relatives aux cat\u00e9gories de produits pour les d\u00e9clarations environnementales de produits pour les composants de ventilation des b\u00e2timents. Le nouveau groupe travaillera en liaison avec le CEN\/TC\u00a0195 \u00ab\u00a0Filtres air pour la propret\u00e9 de l&#8217;air\u00a0\u00bb pour ce qui concerne la filtration.<\/p><p>Suivant la m\u00eame d\u00e9marche que le CEN\/TC\u00a0156, le CEN\/TC\u00a0195 a d\u00e9cid\u00e9 d&#8217;inscrire \u00e0 son programme le nouveau projet pr\u00e9liminaire \u00ab\u00a0Ventilation des b\u00e2timents &#8211; D\u00e9clarations environnementales de produits &#8211; R\u00e8gles des cat\u00e9gories de produits\u00a0compl\u00e9mentaires \u00e0 l&#8217;EN 15804 pour les filtres \u00e0 air\u00a0\u00bb et de cr\u00e9er un groupe ad hoc afin d&#8217;en \u00e9laborer les grandes lignes. Ce groupe ad hoc aura \u00e9galement pour objectif de traiter le sujet soulev\u00e9 au sein du CEN\/TC\u00a0156 concernant les \u00e9quipements d&#8217;\u00e9puration de l&#8217;air.<\/p><p>\u00a0<\/p><h3>Bon \u00e0 savoir\u00a0:<\/h3><p>Les cat\u00e9gories de produits pour les d\u00e9clarations environnementales de produits sont d\u00e9crites dans les normes\u00a0:<\/p><ul><li>EN ISO 14025 , <em>Marquages et d\u00e9clarations environnementaux \u2014 D\u00e9clarations environnementales de Type III \u2014 Principes et modes op\u00e9ratoires\u00a0<\/em><\/li><li>EN 15942, <em>Contribution des ouvrages de construction au d\u00e9veloppement durable \u2014 D\u00e9clarations environnementales des produits \u2014 Formats de communication entre professionnels\u00a0<\/em><\/li><\/ul>\t\t\t\t\t\t\t\t<\/div>\n\t\t\t\t<\/div>\n\t\t\t\t\t<\/div>\n\t\t\t\t<\/div>\n\t\t\t\t<\/div>\n\t\t","protected":false},"excerpt":{"rendered":"<p>Le CEN\/TC 156 pour la ventilation dans les b\u00e2timents et le CEN\/TC 195 pour les filtres \u00e0 air s&#8217;emparent du sujet concernant les d\u00e9clarations environnementales de produits.<\/p>\n","protected":false},"author":8,"featured_media":64644,"comment_status":"closed","ping_status":"closed","sticky":false,"template":"","format":"standard","meta":{"date-de-webinaire":0,"heure-webinaire":"","duree-webinaire":"","lien-bouton-cta":"","footnotes":""},"categories":[42],"tags":[],"normes-associees":[3228,3327,3326],"thematique":[85,3434],"class_list":["post-64664","post","type-post","status-publish","format-standard","has-post-thumbnail","hentry","category-actualite","normes-associees-en-15804","normes-associees-en-15942","normes-associees-en-iso-14025","thematique-energetique-et-fluidique","thematique-environnement"],"_links":{"self":[{"href":"https:\/\/unm.fr\/en\/wp-json\/wp\/v2\/posts\/64664","targetHints":{"allow":["GET"]}}],"collection":[{"href":"https:\/\/unm.fr\/en\/wp-json\/wp\/v2\/posts"}],"about":[{"href":"https:\/\/unm.fr\/en\/wp-json\/wp\/v2\/types\/post"}],"author":[{"embeddable":true,"href":"https:\/\/unm.fr\/en\/wp-json\/wp\/v2\/users\/8"}],"replies":[{"embeddable":true,"href":"https:\/\/unm.fr\/en\/wp-json\/wp\/v2\/comments?post=64664"}],"version-history":[{"count":11,"href":"https:\/\/unm.fr\/en\/wp-json\/wp\/v2\/posts\/64664\/revisions"}],"predecessor-version":[{"id":72240,"href":"https:\/\/unm.fr\/en\/wp-json\/wp\/v2\/posts\/64664\/revisions\/72240"}],"wp:featuredmedia":[{"embeddable":true,"href":"https:\/\/unm.fr\/en\/wp-json\/wp\/v2\/media\/64644"}],"wp:attachment":[{"href":"https:\/\/unm.fr\/en\/wp-json\/wp\/v2\/media?parent=64664"}],"wp:term":[{"taxonomy":"category","embeddable":true,"href":"https:\/\/unm.fr\/en\/wp-json\/wp\/v2\/categories?post=64664"},{"taxonomy":"post_tag","embeddable":true,"href":"https:\/\/unm.fr\/en\/wp-json\/wp\/v2\/tags?post=64664"},{"taxonomy":"normes-associees","embeddable":true,"href":"https:\/\/unm.fr\/en\/wp-json\/wp\/v2\/normes-associees?post=64664"},{"taxonomy":"thematique","embeddable":true,"href":"https:\/\/unm.fr\/en\/wp-json\/wp\/v2\/thematique?post=64664"}],"curies":[{"name":"wp","href":"https:\/\/api.w.org\/{rel}","templated":true}]}}