{"id":62570,"date":"2023-05-19T17:03:35","date_gmt":"2023-05-19T16:03:35","guid":{"rendered":"https:\/\/unm.fr\/?p=62570"},"modified":"2023-06-01T13:49:25","modified_gmt":"2023-06-01T12:49:25","slug":"invitation-a-lassemblee-generale-publique-2023-de-lunm","status":"publish","type":"post","link":"https:\/\/unm.fr\/en\/news\/invitation-a-lassemblee-generale-publique-2023-de-lunm\/","title":{"rendered":"Invitation \u00e0 l&#8217;Assembl\u00e9e G\u00e9n\u00e9rale publique 2023 de l&#8217;UNM"},"content":{"rendered":"\t\t<div data-elementor-type=\"wp-post\" data-elementor-id=\"62570\" class=\"elementor elementor-62570\" data-elementor-post-type=\"post\">\n\t\t\t\t<div class=\"elementor-element elementor-element-1e52d13 e-flex e-con-boxed e-con e-parent\" data-id=\"1e52d13\" data-element_type=\"container\" data-e-type=\"container\" data-settings=\"{&quot;jet_parallax_layout_list&quot;:[]}\">\n\t\t\t\t\t<div class=\"e-con-inner\">\n\t\t\t\t<div class=\"elementor-element elementor-element-7417508 elementor-widget elementor-widget-text-editor\" data-id=\"7417508\" data-element_type=\"widget\" data-e-type=\"widget\" data-widget_type=\"text-editor.default\">\n\t\t\t\t<div class=\"elementor-widget-container\">\n\t\t\t\t\t\t\t\t\t<p>Trois temps forts vont rythmer cet \u00e9v\u00e8nement :<\/p><ul><li><strong>Pr\u00e9sentation du lancement de MECALLIANS<\/strong>, banni\u00e8re commune de la FIM, du CETIM, de l&#8217;UNM et de CEMECA-CMGM. Avec Henri MOREL, Pr\u00e9sident de la FIM, Carole GRATZMULLER, Pr\u00e9sidente du CETIM et Denis SCHNOEBELEN, Pr\u00e9sident de l&#8217;UNM.<\/li><\/ul><ul><li><strong>Table ronde sur le th\u00e8me : <em>&#8220;Int\u00e9r\u00eats divergents, visions particuli\u00e8res, influences contradictoires? Construire une ambition commune&#8221;<\/em><\/strong><\/li><\/ul><p>Pour r\u00e9pondre aux grands enjeux industriels et soci\u00e9taux (\u00e9nergie\/environnement, transformation num\u00e9rique), la normalisation doit apporter des solutions.<\/p><p>A la grande complexit\u00e9 technique des sujets, s&#8217;ajoute une difficult\u00e9 &#8220;politique&#8221;: fabricants, grands donneurs d&#8217;ordre ou PME utilisatrices des \u00e9quipements normalis\u00e9s, pouvoirs publics nationaux ou europ\u00e9ens, centres techniques et de recherche, pr\u00e9venteurs, bureaux d&#8217;\u00e9tudes et consultants (\u2026), chacun s&#8217;implique en normalisation pour y promouvoir sa vision et ses int\u00e9r\u00eats, et chercher \u00e0 influencer le cours des travaux.<\/p><p>La question est alors la suivante: comment produire une ambition commune, au-del\u00e0 du simple consensus, qui d\u00e9passe les approches particuli\u00e8res et suffisamment forte pour \u00eatre promue collectivement aux \u00e9chelons europ\u00e9ens et internationaux ?<\/p><p>Avec :<\/p><p>&#8211; R\u00e9mi STEFANINI, D\u00e9l\u00e9gu\u00e9 Interminist\u00e9riel aux Normes, DGE<\/p><p>&#8211; Franck GAMBELLI, Pr\u00e9sident d&#8217;EUROGIP, directeur environnement s\u00e9curit\u00e9 conditions de travail, UIMM<\/p><p>&#8211; Fr\u00e9d\u00e9ric PIGNARD, Pr\u00e9sident de l&#8217;UNM 16 &#8220;Froid- S\u00e9curit\u00e9 et environnement&#8221;, directeur RSE-RI, DAIKIN<\/p><p>&#8211; Olivier MARCHAND, responsable domaine Code et Normes, EDF<\/p><ul><li><strong>Remise des Troph\u00e9es UNM de la normalisation<\/strong><\/li><\/ul><h2>Infos pratiques :<\/h2><p>Ouvert \u00e0 tous<\/p><p>Mardi 13 juin 2023 de 15h \u00e0 17h<\/p><p>Salle La Rotonde \u2013 Maison de la M\u00e9canique \u00e0 Courbevoie<\/p><p>Inscription via le lien suivant : <a href=\"https:\/\/forms.gle\/SCm9nJXWHsWvuEsH8\" rel=\"noopener\">ici\u00a0<\/a><\/p>\t\t\t\t\t\t\t\t<\/div>\n\t\t\t\t<\/div>\n\t\t\t\t\t<\/div>\n\t\t\t\t<\/div>\n\t\t\t\t<\/div>\n\t\t","protected":false},"excerpt":{"rendered":"<p>Le 13 juin prochain se tiendra l&#8217;Assembl\u00e9e g\u00e9n\u00e9rale publique de l&#8217;UNM, un \u00e9v\u00e8nement con\u00e7u pour valoriser la contribution de la normalisation parmi les r\u00e9ponses aux grands d\u00e9fis industriels et soci\u00e9taux, et mettre la lumi\u00e8re sur tous ceux qui s&#8217;y engagent.<\/p>\n","protected":false},"author":8,"featured_media":64377,"comment_status":"closed","ping_status":"closed","sticky":false,"template":"","format":"standard","meta":{"date-de-webinaire":0,"heure-webinaire":"","duree-webinaire":"","lien-bouton-cta":"","footnotes":""},"categories":[42],"tags":[],"normes-associees":[],"thematique":[2897],"class_list":["post-62570","post","type-post","status-publish","format-standard","has-post-thumbnail","hentry","category-actualite","thematique-vie-de-lunm"],"_links":{"self":[{"href":"https:\/\/unm.fr\/en\/wp-json\/wp\/v2\/posts\/62570","targetHints":{"allow":["GET"]}}],"collection":[{"href":"https:\/\/unm.fr\/en\/wp-json\/wp\/v2\/posts"}],"about":[{"href":"https:\/\/unm.fr\/en\/wp-json\/wp\/v2\/types\/post"}],"author":[{"embeddable":true,"href":"https:\/\/unm.fr\/en\/wp-json\/wp\/v2\/users\/8"}],"replies":[{"embeddable":true,"href":"https:\/\/unm.fr\/en\/wp-json\/wp\/v2\/comments?post=62570"}],"version-history":[{"count":19,"href":"https:\/\/unm.fr\/en\/wp-json\/wp\/v2\/posts\/62570\/revisions"}],"predecessor-version":[{"id":64499,"href":"https:\/\/unm.fr\/en\/wp-json\/wp\/v2\/posts\/62570\/revisions\/64499"}],"wp:featuredmedia":[{"embeddable":true,"href":"https:\/\/unm.fr\/en\/wp-json\/wp\/v2\/media\/64377"}],"wp:attachment":[{"href":"https:\/\/unm.fr\/en\/wp-json\/wp\/v2\/media?parent=62570"}],"wp:term":[{"taxonomy":"category","embeddable":true,"href":"https:\/\/unm.fr\/en\/wp-json\/wp\/v2\/categories?post=62570"},{"taxonomy":"post_tag","embeddable":true,"href":"https:\/\/unm.fr\/en\/wp-json\/wp\/v2\/tags?post=62570"},{"taxonomy":"normes-associees","embeddable":true,"href":"https:\/\/unm.fr\/en\/wp-json\/wp\/v2\/normes-associees?post=62570"},{"taxonomy":"thematique","embeddable":true,"href":"https:\/\/unm.fr\/en\/wp-json\/wp\/v2\/thematique?post=62570"}],"curies":[{"name":"wp","href":"https:\/\/api.w.org\/{rel}","templated":true}]}}