{"id":62207,"date":"2023-03-15T11:52:41","date_gmt":"2023-03-15T10:52:41","guid":{"rendered":"https:\/\/unm.fr\/?p=62207"},"modified":"2023-05-23T12:12:20","modified_gmt":"2023-05-23T11:12:20","slug":"mecallians-une-alliance-historique-pour-les-industries-mecaniques-francaises","status":"publish","type":"post","link":"https:\/\/unm.fr\/en\/news\/mecallians-une-alliance-historique-pour-les-industries-mecaniques-francaises\/","title":{"rendered":"MECALLIANS : une alliance historique pour les industries m\u00e9caniques fran\u00e7aises"},"content":{"rendered":"\t\t<div data-elementor-type=\"wp-post\" data-elementor-id=\"62207\" class=\"elementor elementor-62207\" data-elementor-post-type=\"post\">\n\t\t\t\t<div class=\"elementor-element elementor-element-bab2789 e-flex e-con-boxed e-con e-parent\" data-id=\"bab2789\" data-element_type=\"container\" data-e-type=\"container\" data-settings=\"{&quot;jet_parallax_layout_list&quot;:[]}\">\n\t\t\t\t\t<div class=\"e-con-inner\">\n\t\t\t\t<div class=\"elementor-element elementor-element-c03ebe9 elementor-widget elementor-widget-video\" data-id=\"c03ebe9\" data-element_type=\"widget\" data-e-type=\"widget\" data-settings=\"{&quot;youtube_url&quot;:&quot;https:\\\/\\\/youtu.be\\\/bxV7iuHe5Xs&quot;,&quot;video_type&quot;:&quot;youtube&quot;,&quot;controls&quot;:&quot;yes&quot;}\" data-widget_type=\"video.default\">\n\t\t\t\t<div class=\"elementor-widget-container\">\n\t\t\t\t\t\t\t<div class=\"elementor-wrapper elementor-open-inline\">\n\t\t\t<div class=\"elementor-video\"><\/div>\t\t<\/div>\n\t\t\t\t\t\t<\/div>\n\t\t\t\t<\/div>\n\t\t\t\t<div class=\"elementor-element elementor-element-e11a718 elementor-widget elementor-widget-text-editor\" data-id=\"e11a718\" data-element_type=\"widget\" data-e-type=\"widget\" data-widget_type=\"text-editor.default\">\n\t\t\t\t<div class=\"elementor-widget-container\">\n\t\t\t\t\t\t\t\t\t<p>D\u00e9couvrez dans cette vid\u00e9o la gen\u00e8se de Mecallians, alliance historique b\u00e9n\u00e9ficiant du soutien de Roland Lescure, Ministre d\u00e9l\u00e9gu\u00e9 charg\u00e9 de l\u2019Industrie, Agn\u00e8s Pannier-Runacher, Ministre de la Transition \u00e9nerg\u00e9tique et Alexandre Saubot, Pr\u00e9sident de France Industrie.<\/p>\t\t\t\t\t\t\t\t<\/div>\n\t\t\t\t<\/div>\n\t\t\t\t<div class=\"elementor-element elementor-element-f49f418 elementor-widget elementor-widget-heading\" data-id=\"f49f418\" data-element_type=\"widget\" data-e-type=\"widget\" data-widget_type=\"heading.default\">\n\t\t\t\t<div class=\"elementor-widget-container\">\n\t\t\t\t\t<h2 class=\"elementor-heading-title elementor-size-default\">La m\u00e9canique fait bouger le monde, \u00e0 nous de faire bouger la m\u00e9canique !<\/h2>\t\t\t\t<\/div>\n\t\t\t\t<\/div>\n\t\t\t\t<div class=\"elementor-element elementor-element-7307593 elementor-widget elementor-widget-text-editor\" data-id=\"7307593\" data-element_type=\"widget\" data-e-type=\"widget\" data-widget_type=\"text-editor.default\">\n\t\t\t\t<div class=\"elementor-widget-container\">\n\t\t\t\t\t\t\t\t\t<p>Si les trois entit\u00e9s restent bien entendu ind\u00e9pendantes, elles disposent d\u00e9sormais d&#8217;un outil pour d\u00e9velopper les synergies entre elles et am\u00e9liorer la visivilit\u00e9 de leur action.<\/p><p>Mecallians facilitera la coordination des projets d\u2019innovations technologiques et scientifiques, en partageant les ressources ou en hybridant les participations aux projets. Elle permettra de construire et d\u2019animer les synergies entre les institutions, les programmes nationaux, internationaux, les grands industriels, les PME, les derni\u00e8res start-up ou les entreprises tricentenaires.<\/p><p>Mecallians a pour objectifs de cr\u00e9er les nouvelles conditions, solutions et normes pour faire de la m\u00e9canique la premi\u00e8re industrie du futur de France.<\/p>\t\t\t\t\t\t\t\t<\/div>\n\t\t\t\t<\/div>\n\t\t\t\t<div class=\"elementor-element elementor-element-3ce0962 elementor-widget elementor-widget-heading\" data-id=\"3ce0962\" data-element_type=\"widget\" data-e-type=\"widget\" data-widget_type=\"heading.default\">\n\t\t\t\t<div class=\"elementor-widget-container\">\n\t\t\t\t\t<h2 class=\"elementor-heading-title elementor-size-default\">Un Rassemblement In\u00e9dit En France<\/h2>\t\t\t\t<\/div>\n\t\t\t\t<\/div>\n\t\t\t\t<div class=\"elementor-element elementor-element-a6e1c12 elementor-widget elementor-widget-text-editor\" data-id=\"a6e1c12\" data-element_type=\"widget\" data-e-type=\"widget\" data-widget_type=\"text-editor.default\">\n\t\t\t\t<div class=\"elementor-widget-container\">\n\t\t\t\t\t\t\t\t\t<p>Le rassemblement d\u2019une f\u00e9d\u00e9ration, de son centre technique et de son bureau de normalisation sous une banni\u00e8re unique est in\u00e9dit en France :<\/p><p>\u00ab Dans le d\u00e9veloppement de nos soci\u00e9t\u00e9s, dans la marche du progr\u00e8s humain, la m\u00e9canique a toujours jou\u00e9 un r\u00f4le d\u00e9cisif. A l\u2019image du moteur, qui a transform\u00e9 \u00e0 jamais la mobilit\u00e9, c\u2019est elle qui met le monde en mouvement. Au coeur de toutes les r\u00e9volutions industrielles, de la machine \u00e0 vapeur, jusqu\u2019au num\u00e9rique et \u00e0 l\u2019interconnectivit\u00e9, en passant par la robotique, elle a permis le d\u00e9veloppement de l\u2019industrie et a fa\u00e7onn\u00e9 notre mode de vie. Cette banni\u00e8re commune doit nous permettre de cr\u00e9er les nouvelles conditions, solutions et normes d\u2019un avenir positif \u00bb<\/p><p>Henri Morel, Pr\u00e9sident de la FIM<\/p><p>\u00ab En cr\u00e9ant Mecallians, nous donnons l\u2019impulsion n\u00e9cessaire pour cr\u00e9er une dynamique vertueuse permettant d\u2019acc\u00e9l\u00e9rer la transformation des PME, l\u2019innovation, de garantir la qualit\u00e9 et de renforcer l\u2019influence d\u2019une industrie fi\u00e8re de faire partie de la solution \u00bb<\/p><p>Carole Gratzmuller, Pr\u00e9sidente du Cetim<\/p><p>\u00ab Cette banni\u00e8re commune peut augmenter la port\u00e9e de nos actions, en repr\u00e9sentant nos industriels \u00e0 tous les niveaux, en leur permettant d\u2019innover mieux et plus, en d\u00e9veloppant de nouvelles normes pour mieux les accompagner dans leur d\u00e9veloppement et, en allant s\u00e9duire un grand public pour qui la m\u00e9canique reste un myst\u00e8re, et en l\u2019\u00e9clairant sur les solutions industrielles indispensables \u00e0 la bifurcation \u00e9cologique de nos soci\u00e9t\u00e9s \u00bb<\/p><p>Denis Schnoebelen, Pr\u00e9sident de l\u2019UNM<\/p>\t\t\t\t\t\t\t\t<\/div>\n\t\t\t\t<\/div>\n\t\t\t\t\t<\/div>\n\t\t\t\t<\/div>\n\t\t\t\t<\/div>\n\t\t","protected":false},"excerpt":{"rendered":"<p>Mecallians est l&#8217;incarnation d&#8217;une r\u00e9alit\u00e9 quotidienne pour l&#8217;UNM. Dans nos commissions de normalisation participent les repr\u00e9sentants des syndicats de la FIM et les experts techniques du CETIM. Ce sont des acteurs pr\u00e9cieux vitaux pour les parties prenantes de ces commissions, et plus largement pour les industriels de la m\u00e9canique.<\/p>\n","protected":false},"author":8,"featured_media":62231,"comment_status":"closed","ping_status":"closed","sticky":false,"template":"","format":"standard","meta":{"date-de-webinaire":0,"heure-webinaire":"","duree-webinaire":"","lien-bouton-cta":"","footnotes":""},"categories":[42],"tags":[],"normes-associees":[],"thematique":[2897],"class_list":["post-62207","post","type-post","status-publish","format-standard","has-post-thumbnail","hentry","category-actualite","thematique-vie-de-lunm"],"_links":{"self":[{"href":"https:\/\/unm.fr\/en\/wp-json\/wp\/v2\/posts\/62207","targetHints":{"allow":["GET"]}}],"collection":[{"href":"https:\/\/unm.fr\/en\/wp-json\/wp\/v2\/posts"}],"about":[{"href":"https:\/\/unm.fr\/en\/wp-json\/wp\/v2\/types\/post"}],"author":[{"embeddable":true,"href":"https:\/\/unm.fr\/en\/wp-json\/wp\/v2\/users\/8"}],"replies":[{"embeddable":true,"href":"https:\/\/unm.fr\/en\/wp-json\/wp\/v2\/comments?post=62207"}],"version-history":[{"count":30,"href":"https:\/\/unm.fr\/en\/wp-json\/wp\/v2\/posts\/62207\/revisions"}],"predecessor-version":[{"id":72185,"href":"https:\/\/unm.fr\/en\/wp-json\/wp\/v2\/posts\/62207\/revisions\/72185"}],"wp:featuredmedia":[{"embeddable":true,"href":"https:\/\/unm.fr\/en\/wp-json\/wp\/v2\/media\/62231"}],"wp:attachment":[{"href":"https:\/\/unm.fr\/en\/wp-json\/wp\/v2\/media?parent=62207"}],"wp:term":[{"taxonomy":"category","embeddable":true,"href":"https:\/\/unm.fr\/en\/wp-json\/wp\/v2\/categories?post=62207"},{"taxonomy":"post_tag","embeddable":true,"href":"https:\/\/unm.fr\/en\/wp-json\/wp\/v2\/tags?post=62207"},{"taxonomy":"normes-associees","embeddable":true,"href":"https:\/\/unm.fr\/en\/wp-json\/wp\/v2\/normes-associees?post=62207"},{"taxonomy":"thematique","embeddable":true,"href":"https:\/\/unm.fr\/en\/wp-json\/wp\/v2\/thematique?post=62207"}],"curies":[{"name":"wp","href":"https:\/\/api.w.org\/{rel}","templated":true}]}}