{"id":60682,"date":"2023-04-09T09:11:33","date_gmt":"2023-04-09T08:11:33","guid":{"rendered":"https:\/\/unm.fr\/?p=60682"},"modified":"2023-04-21T13:36:54","modified_gmt":"2023-04-21T12:36:54","slug":"nf-en-iso-astm-529312023-fabrication-additive-de-metaux-environnement-sante-et-securite-principes-generaux-pour-lutilisation-de-materiaux-metalliques","status":"publish","type":"post","link":"https:\/\/unm.fr\/en\/standards-of-the-month\/nf-en-iso-astm-529312023-fabrication-additive-de-metaux-environnement-sante-et-securite-principes-generaux-pour-lutilisation-de-materiaux-metalliques\/","title":{"rendered":"NF EN ISO\/ASTM 52931:2023 Fabrication additive de m\u00e9taux \u2014 Environnement, sant\u00e9 et s\u00e9curit\u00e9 \u2014 Principes g\u00e9n\u00e9raux pour l\u2019utilisation de mat\u00e9riaux m\u00e9talliques"},"content":{"rendered":"\t\t<div data-elementor-type=\"wp-post\" data-elementor-id=\"60682\" class=\"elementor elementor-60682\" data-elementor-post-type=\"post\">\n\t\t\t\t<div class=\"elementor-element elementor-element-e2f5f33 e-flex e-con-boxed e-con e-parent\" data-id=\"e2f5f33\" data-element_type=\"container\" data-e-type=\"container\" data-settings=\"{&quot;jet_parallax_layout_list&quot;:[]}\">\n\t\t\t\t\t<div class=\"e-con-inner\">\n\t\t\t\t<div class=\"elementor-element elementor-element-92e5218 elementor-widget elementor-widget-text-editor\" data-id=\"92e5218\" data-element_type=\"widget\" data-e-type=\"widget\" data-widget_type=\"text-editor.default\">\n\t\t\t\t<div class=\"elementor-widget-container\">\n\t\t\t\t\t\t\t\t\t<p>La NF EN ISO\/ASTM 52931 reprend les principaux \u00e9l\u00e9ments et \u00e9largit l&#8217;applicabilit\u00e9 de la norme exp\u00e9rimentale XP E67-006.<\/p><p>Les technologies de fabrication additive (FA) \u2014 commun\u00e9ment appel\u00e9es impression 3D \u2014 prennent une dimension industrielle \u00e0 grande \u00e9chelle. Assez logiquement, ce d\u00e9ploiement industriel r\u00e9clame maintenant la prise en compte des pr\u00e9occupations li\u00e9es \u00e0 l&#8217;environnement, \u00e0 la sant\u00e9 et \u00e0 la s\u00e9curit\u00e9.<\/p><p>Bas\u00e9 sur ce constat, le groupe de travail ISO\/TC 261\/JG 69 \u00ab Environnement, sant\u00e9 et s\u00e9curit\u00e9 dans le cadre de l\u2019utilisation de mat\u00e9riaux m\u00e9talliques \u00bb a r\u00e9dig\u00e9 la norme EN ISO\/ASTM 52931 \u00ab <em>Fabrication additive de m\u00e9taux \u2014 Environnement, sant\u00e9 et s\u00e9curit\u00e9 \u2014 Principes g\u00e9n\u00e9raux pour l\u2019utilisation de mat\u00e9riaux m\u00e9talliques<\/em> \u00bb, entr\u00e9e en vigueur en France en janvier 2023. En tant que document de r\u00e9f\u00e9rence, cette norme fournit des exigences pour l\u2019\u00e9valuation du risque et la mise en \u0153uvre de mesures de pr\u00e9vention et de protection relatives \u00e0 la fabrication additive avec des poudres m\u00e9talliques. Les risques couverts concernent l\u2019ensemble de la cha\u00eene de valeur du proc\u00e9d\u00e9 de fabrication, depuis la r\u00e9ception de la mati\u00e8re premi\u00e8re jusqu\u2019\u00e0 la sortie des pi\u00e8ces propres pour la livraison.<\/p><p>Initi\u00e9s en France en 2019 \u00e0 partir de la norme exp\u00e9rimentale XP E67-006 \u00ab <em>Fabrication additive \u2014 S\u00e9curit\u00e9, hygi\u00e8ne et environnement \u2014 Exigences li\u00e9es aux mat\u00e9riaux m\u00e9talliques<\/em> \u00bb, les travaux pr\u00e9normatifs avaient \u00e9t\u00e9 propos\u00e9s par Lionel Ridosz (SAFRAN) et men\u00e9s en collaboration avec des acteurs fran\u00e7ais comme l&#8217;Institut national de recherche et de s\u00e9curit\u00e9 (INRS) et le fabricant AddUp. Quelques modifications ont \u00e9t\u00e9 apport\u00e9es par rapport \u00e0 la norme exp\u00e9rimentale, notamment la mise \u00e0 jour des r\u00e9f\u00e9rences l\u00e9gislatives et normatives.<\/p><p>La norme a pour objectif de combler le vide quant \u00e0 la prise en compte des risques HSE au sein des ateliers mettant en \u0153uvre des technologies de FA m\u00e9tal, et plus particuli\u00e8rement, \u00e0 partir de poudres m\u00e9talliques.<\/p><p>Suite aux retours positifs des parties prenantes, le JG 69 travaille actuellement sur un nouveau projet de norme similaire, mais d\u00e9di\u00e9 aux mat\u00e9riaux polym\u00e8res.<\/p>\t\t\t\t\t\t\t\t<\/div>\n\t\t\t\t<\/div>\n\t\t\t\t\t<\/div>\n\t\t\t\t<\/div>\n\t\t\t\t<\/div>\n\t\t","protected":false},"excerpt":{"rendered":"<p>La NF EN ISO\/ASTM 52931 reprend les principaux \u00e9l\u00e9ments et \u00e9largit l&#8217;applicabilit\u00e9 de la norme exp\u00e9rimentale XP E67-006.<\/p>\n","protected":false},"author":8,"featured_media":60583,"comment_status":"closed","ping_status":"closed","sticky":false,"template":"","format":"standard","meta":{"date-de-webinaire":0,"heure-webinaire":"","duree-webinaire":"","lien-bouton-cta":"","footnotes":""},"categories":[38],"tags":[],"normes-associees":[2918],"thematique":[84],"class_list":["post-60682","post","type-post","status-publish","format-standard","has-post-thumbnail","hentry","category-focus-norme","normes-associees-iso-astm-52931","thematique-fabrication-additive"],"_links":{"self":[{"href":"https:\/\/unm.fr\/en\/wp-json\/wp\/v2\/posts\/60682","targetHints":{"allow":["GET"]}}],"collection":[{"href":"https:\/\/unm.fr\/en\/wp-json\/wp\/v2\/posts"}],"about":[{"href":"https:\/\/unm.fr\/en\/wp-json\/wp\/v2\/types\/post"}],"author":[{"embeddable":true,"href":"https:\/\/unm.fr\/en\/wp-json\/wp\/v2\/users\/8"}],"replies":[{"embeddable":true,"href":"https:\/\/unm.fr\/en\/wp-json\/wp\/v2\/comments?post=60682"}],"version-history":[{"count":7,"href":"https:\/\/unm.fr\/en\/wp-json\/wp\/v2\/posts\/60682\/revisions"}],"predecessor-version":[{"id":72207,"href":"https:\/\/unm.fr\/en\/wp-json\/wp\/v2\/posts\/60682\/revisions\/72207"}],"wp:featuredmedia":[{"embeddable":true,"href":"https:\/\/unm.fr\/en\/wp-json\/wp\/v2\/media\/60583"}],"wp:attachment":[{"href":"https:\/\/unm.fr\/en\/wp-json\/wp\/v2\/media?parent=60682"}],"wp:term":[{"taxonomy":"category","embeddable":true,"href":"https:\/\/unm.fr\/en\/wp-json\/wp\/v2\/categories?post=60682"},{"taxonomy":"post_tag","embeddable":true,"href":"https:\/\/unm.fr\/en\/wp-json\/wp\/v2\/tags?post=60682"},{"taxonomy":"normes-associees","embeddable":true,"href":"https:\/\/unm.fr\/en\/wp-json\/wp\/v2\/normes-associees?post=60682"},{"taxonomy":"thematique","embeddable":true,"href":"https:\/\/unm.fr\/en\/wp-json\/wp\/v2\/thematique?post=60682"}],"curies":[{"name":"wp","href":"https:\/\/api.w.org\/{rel}","templated":true}]}}