{"id":60630,"date":"2023-04-09T08:27:37","date_gmt":"2023-04-09T07:27:37","guid":{"rendered":"https:\/\/unm.fr\/?p=60630"},"modified":"2023-04-21T13:44:43","modified_gmt":"2023-04-21T12:44:43","slug":"3-questions-a-jean-bouyer-institut-p","status":"publish","type":"post","link":"https:\/\/unm.fr\/en\/testimonial\/3-questions-a-jean-bouyer-institut-p\/","title":{"rendered":"3 questions \u00e0\u2026 Jean Bouyer, Institut P\u2019"},"content":{"rendered":"\t\t<div data-elementor-type=\"wp-post\" data-elementor-id=\"60630\" class=\"elementor elementor-60630\" data-elementor-post-type=\"post\">\n\t\t\t\t<div class=\"elementor-element elementor-element-f735f6c e-flex e-con-boxed e-con e-parent\" data-id=\"f735f6c\" data-element_type=\"container\" data-e-type=\"container\" data-settings=\"{&quot;jet_parallax_layout_list&quot;:[]}\">\n\t\t\t\t\t<div class=\"e-con-inner\">\n\t\t\t\t<div class=\"elementor-element elementor-element-7395e05 elementor-widget elementor-widget-text-editor\" data-id=\"7395e05\" data-element_type=\"widget\" data-e-type=\"widget\" data-widget_type=\"text-editor.default\">\n\t\t\t\t<div class=\"elementor-widget-container\">\n\t\t\t\t\t\t\t\t\t<p><em>L\u00e9gende photo : Cette photo a \u00e9t\u00e9 prise lors de la r\u00e9union de l&#8217;ISO\/TC 123 &#8220;Paliers lisses&#8221; \u00e0 Chasseneuil du Poitou en novembre 2022, \u00e0 l\u2019Institut Pprime \u00e9tabli sur le campus Nord de l\u2019Universit\u00e9 de Poitiers.\u00a0Jean Bouyer se trouve au centre de l&#8217;image.<\/em><\/p><h3>Pouvez-vous vous pr\u00e9senter et expliquer la place que tiennent les normes et la normalisation dans votre m\u00e9tier ?<\/h3><p>Je suis enseignant-chercheur \u00e0 l&#8217;institut Pprime, laboratoire du CNRS rattach\u00e9 \u00e0 l&#8217;Universit\u00e9 de Poitiers. Dans le cadre de mon travail, je ne suis pas utilisateur de normes mais je connais bien les composants et j&#8217;ai beaucoup de relations avec des industriels utilisateurs de paliers hydrodynamiques, ce qui me conf\u00e8re une certaine expertise dans ce domaine. Je suis membre de plusieurs soci\u00e9t\u00e9s savantes comme l&#8217;association fran\u00e7aise de m\u00e9canique, et \u00e0 l&#8217;\u00e9tranger de la STLE (Society of Tribologists and Lubrication Engineers) et de l&#8217;ASME (American cociety of Mechanical Engineering). Je suis \u00e9galement tr\u00e9sorier de la section fran\u00e7aise de l&#8217;ASME.<\/p><h3>Qu\u2019est-ce que votre participation \u00e0 ce(s) groupe(s) a apport\u00e9 \u00e0 l\u2019entreprise ?<\/h3><p>Ma participation \u00e0 ces groupes me permet d&#8217;entretenir des relations avec les diff\u00e9rents acteurs de la recherche aussi bien acad\u00e9miques qu&#8217;industriels. Elle me permet \u00e9galement de nouer de nouveaux contacts. Cela me permet principalement de faire de la veille technologique et d&#8217;\u00eatre partie prenante dans l&#8217;\u00e9tablissement de nouvelles normes sur des composants que je connais tr\u00e8s bien.<\/p><h3>Quel a \u00e9t\u00e9 votre plus grand accomplissement gr\u00e2ce \u00e0 la normalisation ?<\/h3><p>J&#8217;ai \u00e9t\u00e9 fier de participer \u00e0 l&#8217;\u00e9tablissement des normes sur les calculs de paliers et but\u00e9es hydrodynamiques. Cette norme va permettre \u00e0 un grand nombre d&#8217;industriels de r\u00e9aliser des calculs pr\u00e9liminaires durant la conception de nouveaux syst\u00e8mes ou lors de maintenances pour comprendre les causes d&#8217;\u00e9ventuelles avaries.<\/p><h3>Que diriez-vous aux enseignant-chercheurs et universitaires qui h\u00e9sitent \u00e0 participer \u00e0 des travaux de normalisation ?<\/h3><p>Qu\u2019il ne faut pas h\u00e9siter car c&#8217;est une expertise qui n&#8217;est pas tr\u00e8s chronophage : il n&#8217;y a qu&#8217;une ou deux r\u00e9unions\u00a0 pl\u00e9ni\u00e8res dans l&#8217;ann\u00e9e. De plus, cela permet de consolider ou d\u00e9velopper son r\u00e9seau de connaissances et de participer pour la communaut\u00e9.<\/p>\t\t\t\t\t\t\t\t<\/div>\n\t\t\t\t<\/div>\n\t\t\t\t\t<\/div>\n\t\t\t\t<\/div>\n\t\t\t\t<\/div>\n\t\t","protected":false},"excerpt":{"rendered":"<p>L\u2019UNM donne la parole \u00e0 un expert de commission de normalisation : les raisons qui l&#8217;ont pouss\u00e9 \u00e0 s&#8217;engager en normalisation, l&#8217;importance des normes pour son m\u00e9tier, ses succ\u00e8s\u2026 d\u00e9couvrez la normalisation par ceux qui la font !<\/p>\n","protected":false},"author":8,"featured_media":60573,"comment_status":"closed","ping_status":"closed","sticky":false,"template":"","format":"standard","meta":{"date-de-webinaire":0,"heure-webinaire":"","duree-webinaire":"","lien-bouton-cta":"","footnotes":""},"categories":[76],"tags":[],"normes-associees":[],"thematique":[86],"class_list":["post-60630","post","type-post","status-publish","format-standard","has-post-thumbnail","hentry","category-temoignage","thematique-composants-et-pieces-mecaniques"],"_links":{"self":[{"href":"https:\/\/unm.fr\/en\/wp-json\/wp\/v2\/posts\/60630","targetHints":{"allow":["GET"]}}],"collection":[{"href":"https:\/\/unm.fr\/en\/wp-json\/wp\/v2\/posts"}],"about":[{"href":"https:\/\/unm.fr\/en\/wp-json\/wp\/v2\/types\/post"}],"author":[{"embeddable":true,"href":"https:\/\/unm.fr\/en\/wp-json\/wp\/v2\/users\/8"}],"replies":[{"embeddable":true,"href":"https:\/\/unm.fr\/en\/wp-json\/wp\/v2\/comments?post=60630"}],"version-history":[{"count":9,"href":"https:\/\/unm.fr\/en\/wp-json\/wp\/v2\/posts\/60630\/revisions"}],"predecessor-version":[{"id":60859,"href":"https:\/\/unm.fr\/en\/wp-json\/wp\/v2\/posts\/60630\/revisions\/60859"}],"wp:featuredmedia":[{"embeddable":true,"href":"https:\/\/unm.fr\/en\/wp-json\/wp\/v2\/media\/60573"}],"wp:attachment":[{"href":"https:\/\/unm.fr\/en\/wp-json\/wp\/v2\/media?parent=60630"}],"wp:term":[{"taxonomy":"category","embeddable":true,"href":"https:\/\/unm.fr\/en\/wp-json\/wp\/v2\/categories?post=60630"},{"taxonomy":"post_tag","embeddable":true,"href":"https:\/\/unm.fr\/en\/wp-json\/wp\/v2\/tags?post=60630"},{"taxonomy":"normes-associees","embeddable":true,"href":"https:\/\/unm.fr\/en\/wp-json\/wp\/v2\/normes-associees?post=60630"},{"taxonomy":"thematique","embeddable":true,"href":"https:\/\/unm.fr\/en\/wp-json\/wp\/v2\/thematique?post=60630"}],"curies":[{"name":"wp","href":"https:\/\/api.w.org\/{rel}","templated":true}]}}