{"id":60593,"date":"2023-04-11T07:58:00","date_gmt":"2023-04-11T06:58:00","guid":{"rendered":"https:\/\/unm.fr\/?p=60593"},"modified":"2024-08-08T10:30:31","modified_gmt":"2024-08-08T08:30:31","slug":"bim-quincaillerie-des-portes-et-fenetres","status":"publish","type":"post","link":"https:\/\/unm.fr\/en\/news\/bim-quincaillerie-des-portes-et-fenetres\/","title":{"rendered":"BIM Quincaillerie des portes et fen\u00eatres"},"content":{"rendered":"\t\t<div data-elementor-type=\"wp-post\" data-elementor-id=\"60593\" class=\"elementor elementor-60593\" data-elementor-post-type=\"post\">\n\t\t\t\t<div class=\"elementor-element elementor-element-262fd39 e-flex e-con-boxed e-con e-parent\" data-id=\"262fd39\" data-element_type=\"container\" data-e-type=\"container\" data-settings=\"{&quot;jet_parallax_layout_list&quot;:[]}\">\n\t\t\t\t\t<div class=\"e-con-inner\">\n\t\t\t\t<div class=\"elementor-element elementor-element-29ec4b8 elementor-widget elementor-widget-text-editor\" data-id=\"29ec4b8\" data-element_type=\"widget\" data-e-type=\"widget\" data-widget_type=\"text-editor.default\">\n\t\t\t\t<div class=\"elementor-widget-container\">\n\t\t\t\t\t\t\t\t\t<p>Initi\u00e9s au niveau national en 2020 sous l&#8217;\u00e9gide de l&#8217;UNIQ, ces travaux pr\u00e9-normatifs ont permis de d\u00e9finir les premiers \u00e9l\u00e9ments de la base de donn\u00e9es BIM (Building Information Modeling) \u00e0 partir des prescriptions de l&#8217;ISO 23386 \u00ab Mod\u00e9lisation des informations de la construction et autres processus num\u00e9riques utilis\u00e9s en construction \u2014 M\u00e9thodologie de description, de cr\u00e9ation et de gestion des propri\u00e9t\u00e9s dans les dictionnaires de donn\u00e9es interconnect\u00e9s \u00bb.<\/p><p>Ces travaux pr\u00e9-normatifs pr\u00e9par\u00e9s par la France via BIM Smart France et men\u00e9s en collaboration avec le CETIM et l&#8217;UNM ont port\u00e9 sur les serrures m\u00e9canique monopoint, les fermes-portes, les fermetures centralis\u00e9es de fen\u00eatres et les fermetures pour issues de secours.<\/p><p>En septembre 2022, la France a propos\u00e9 la cr\u00e9ation d&#8217;un sous-groupe europ\u00e9en au sein du CEN\/TC 33\/WG 4 \u00ab Quincaillerie \u00bb ; \u00e0 savoir le CEN\/TC 33\/WG 4\/TG 18 \u00ab BIM quincaillerie \u00bb dont l&#8217;animation fran\u00e7aise est assur\u00e9e par Olena Compos Gomes (DOM SECURITY) avec le support de l&#8217;UNM. Depuis lors, deux r\u00e9unions tenues en d\u00e9cembre 2022 et mars 2023 ont permis de consolider le domaine d&#8217;application comme suit.<\/p><p>Ce sous-groupe de travail vise \u00e0 d\u00e9velopper une structure pour des mod\u00e8les de donn\u00e9es sp\u00e9cifiques pour la quincaillerie de b\u00e2timent couverts par le CEN\/TC 33\/WG 4, sur la base des principes d\u00e9velopp\u00e9s par le CEN\/TC 442.<\/p><p>Le CEN\/TC 33\/WG 4\/TG 18 d\u00e9finira un ensemble de propri\u00e9t\u00e9s pour les objets BIM pour la quincaillerie des portes et fen\u00eatres, \u00e0 l&#8217;appui des processus num\u00e9riques utilisant un format lisible par les machines. Il d\u00e9finira \u00e9galement un ensemble de propri\u00e9t\u00e9s pour les objets BIM g\u00e9n\u00e9riques, incluant \u00e9ventuellement des valeurs g\u00e9n\u00e9riques.<\/p><p>Le sous-groupe de travail \u00e9tudiera les possibilit\u00e9s de mise \u00e0 jour des propri\u00e9t\u00e9s, notamment pour r\u00e9pondre aux besoins des produits du CEN\/TC 33\/WG 4.<\/p><p>Un outil num\u00e9rique pourrait \u00eatre d\u00e9velopp\u00e9 pour soutenir l&#8217;utilisation des normes d&#8217;autres groupes de travail du CEN\/TC 33.<\/p>\t\t\t\t\t\t\t\t<\/div>\n\t\t\t\t<\/div>\n\t\t\t\t\t<\/div>\n\t\t\t\t<\/div>\n\t\t\t\t<\/div>\n\t\t","protected":false},"excerpt":{"rendered":"<p>La classification des composants de la quincaillerie des portes et fen\u00eatres prend de nouvelles dimensions num\u00e9rique et europ\u00e9enne.<\/p>\n","protected":false},"author":8,"featured_media":60569,"comment_status":"closed","ping_status":"closed","sticky":false,"template":"","format":"standard","meta":{"date-de-webinaire":0,"heure-webinaire":"","duree-webinaire":"","lien-bouton-cta":"","footnotes":""},"categories":[42],"tags":[],"normes-associees":[3279],"thematique":[86,3436,90],"class_list":["post-60593","post","type-post","status-publish","format-standard","has-post-thumbnail","hentry","category-actualite","normes-associees-iso-23386","thematique-composants-et-pieces-mecaniques","thematique-numerique","thematique-reunions-cen-iso"],"_links":{"self":[{"href":"https:\/\/unm.fr\/en\/wp-json\/wp\/v2\/posts\/60593","targetHints":{"allow":["GET"]}}],"collection":[{"href":"https:\/\/unm.fr\/en\/wp-json\/wp\/v2\/posts"}],"about":[{"href":"https:\/\/unm.fr\/en\/wp-json\/wp\/v2\/types\/post"}],"author":[{"embeddable":true,"href":"https:\/\/unm.fr\/en\/wp-json\/wp\/v2\/users\/8"}],"replies":[{"embeddable":true,"href":"https:\/\/unm.fr\/en\/wp-json\/wp\/v2\/comments?post=60593"}],"version-history":[{"count":11,"href":"https:\/\/unm.fr\/en\/wp-json\/wp\/v2\/posts\/60593\/revisions"}],"predecessor-version":[{"id":72202,"href":"https:\/\/unm.fr\/en\/wp-json\/wp\/v2\/posts\/60593\/revisions\/72202"}],"wp:featuredmedia":[{"embeddable":true,"href":"https:\/\/unm.fr\/en\/wp-json\/wp\/v2\/media\/60569"}],"wp:attachment":[{"href":"https:\/\/unm.fr\/en\/wp-json\/wp\/v2\/media?parent=60593"}],"wp:term":[{"taxonomy":"category","embeddable":true,"href":"https:\/\/unm.fr\/en\/wp-json\/wp\/v2\/categories?post=60593"},{"taxonomy":"post_tag","embeddable":true,"href":"https:\/\/unm.fr\/en\/wp-json\/wp\/v2\/tags?post=60593"},{"taxonomy":"normes-associees","embeddable":true,"href":"https:\/\/unm.fr\/en\/wp-json\/wp\/v2\/normes-associees?post=60593"},{"taxonomy":"thematique","embeddable":true,"href":"https:\/\/unm.fr\/en\/wp-json\/wp\/v2\/thematique?post=60593"}],"curies":[{"name":"wp","href":"https:\/\/api.w.org\/{rel}","templated":true}]}}