{"id":59340,"date":"2023-03-10T13:39:37","date_gmt":"2023-03-10T12:39:37","guid":{"rendered":"https:\/\/unm.fr\/?p=59340"},"modified":"2023-04-21T13:48:26","modified_gmt":"2023-04-21T12:48:26","slug":"aciers-pour-emballage","status":"publish","type":"post","link":"https:\/\/unm.fr\/en\/news\/aciers-pour-emballage\/","title":{"rendered":"Aciers pour emballage"},"content":{"rendered":"\t\t<div data-elementor-type=\"wp-post\" data-elementor-id=\"59340\" class=\"elementor elementor-59340\" data-elementor-post-type=\"post\">\n\t\t\t\t<div class=\"elementor-element elementor-element-ab1110c e-flex e-con-boxed e-con e-parent\" data-id=\"ab1110c\" data-element_type=\"container\" data-e-type=\"container\" data-settings=\"{&quot;jet_parallax_layout_list&quot;:[]}\">\n\t\t\t\t\t<div class=\"e-con-inner\">\n\t\t\t\t<div class=\"elementor-element elementor-element-0b725f7 elementor-widget elementor-widget-text-editor\" data-id=\"0b725f7\" data-element_type=\"widget\" data-e-type=\"widget\" data-widget_type=\"text-editor.default\">\n\t\t\t\t<div class=\"elementor-widget-container\">\n\t\t\t\t\t\t\t\t\t<p>En f\u00e9vrier s&#8217;est tenue la r\u00e9union pl\u00e9ni\u00e8re du CEN\/TC 459\/SC 9 avec la participation des d\u00e9l\u00e9gations allemande, finlandaise, fran\u00e7aise, n\u00e9erlandaise et britannique.<\/p><p>Pr\u00e9sid\u00e9 par Patrick LE PENSE, (ARCELORMITTAL), le sous-comit\u00e9 a fait un \u00e9tat d&#8217;avancement des travaux de ses 3 groupes de travail WG 1 \u00ab<em>Produits plats rev\u00eatus et non rev\u00eatus formage \u00e0 froid des produits lamin\u00e9s<\/em>\u00bb, WG 2 \u00ab<em>Aciers pour emballage lamin\u00e9s \u00e0 froid<\/em>\u00bb et WG 3 \u00ab<em>Aciers lamin\u00e9s chaud froid \u00e9maillage<\/em>\u00bb.<\/p><p>Grande nouvelle : un nouveau groupe d&#8217;experts sera cr\u00e9\u00e9 au sein du WG 2.<\/p><p>Objectif : dans le cadre de la r\u00e9vision de l&#8217;EN 10333 sur les aciers rev\u00eatus d&#8217;\u00e9tain pour emballage, et plus sp\u00e9cifiquement de l&#8217;Annexe A d\u00e9di\u00e9e \u00e0 la mesure de la teneur en plomb du rev\u00eatement d&#8217;\u00e9tain, le groupe proposera une m\u00e9thode selon les techniques analytiques actuelles disponibles.<\/p><p>L&#8217;ensemble des acteurs du SC 9 se retrouvera \u00e0 Bruxelles en novembre 2023 pour faire un \u00e9tat des lieux des travaux men\u00e9s pendant l&#8217;ann\u00e9e en cours qui s&#8217;annonce d&#8217;ores et d\u00e9j\u00e0 charg\u00e9e pour chaque groupe de travail.<\/p>\t\t\t\t\t\t\t\t<\/div>\n\t\t\t\t<\/div>\n\t\t\t\t\t<\/div>\n\t\t\t\t<\/div>\n\t\t\t\t<\/div>\n\t\t","protected":false},"excerpt":{"rendered":"<p>Un nouveau groupe d&#8217;experts europ\u00e9ens a \u00e9t\u00e9 cr\u00e9\u00e9 dans le cadre de la r\u00e9vision de l&#8217;EN 10333 sur les produits plats en acier rev\u00eatu d&#8217;\u00e9tain destin\u00e9 \u00e0 entrer au contact des denr\u00e9es, produits et boissons pour l&#8217;alimentation de l&#8217;homme et des animaux\u2026<\/p>\n","protected":false},"author":8,"featured_media":59322,"comment_status":"closed","ping_status":"closed","sticky":false,"template":"","format":"standard","meta":{"date-de-webinaire":0,"heure-webinaire":"","duree-webinaire":"","lien-bouton-cta":"","footnotes":""},"categories":[42],"tags":[],"normes-associees":[3259],"thematique":[79],"class_list":["post-59340","post","type-post","status-publish","format-standard","has-post-thumbnail","hentry","category-actualite","normes-associees-en-10333","thematique-acier"],"_links":{"self":[{"href":"https:\/\/unm.fr\/en\/wp-json\/wp\/v2\/posts\/59340","targetHints":{"allow":["GET"]}}],"collection":[{"href":"https:\/\/unm.fr\/en\/wp-json\/wp\/v2\/posts"}],"about":[{"href":"https:\/\/unm.fr\/en\/wp-json\/wp\/v2\/types\/post"}],"author":[{"embeddable":true,"href":"https:\/\/unm.fr\/en\/wp-json\/wp\/v2\/users\/8"}],"replies":[{"embeddable":true,"href":"https:\/\/unm.fr\/en\/wp-json\/wp\/v2\/comments?post=59340"}],"version-history":[{"count":11,"href":"https:\/\/unm.fr\/en\/wp-json\/wp\/v2\/posts\/59340\/revisions"}],"predecessor-version":[{"id":72187,"href":"https:\/\/unm.fr\/en\/wp-json\/wp\/v2\/posts\/59340\/revisions\/72187"}],"wp:featuredmedia":[{"embeddable":true,"href":"https:\/\/unm.fr\/en\/wp-json\/wp\/v2\/media\/59322"}],"wp:attachment":[{"href":"https:\/\/unm.fr\/en\/wp-json\/wp\/v2\/media?parent=59340"}],"wp:term":[{"taxonomy":"category","embeddable":true,"href":"https:\/\/unm.fr\/en\/wp-json\/wp\/v2\/categories?post=59340"},{"taxonomy":"post_tag","embeddable":true,"href":"https:\/\/unm.fr\/en\/wp-json\/wp\/v2\/tags?post=59340"},{"taxonomy":"normes-associees","embeddable":true,"href":"https:\/\/unm.fr\/en\/wp-json\/wp\/v2\/normes-associees?post=59340"},{"taxonomy":"thematique","embeddable":true,"href":"https:\/\/unm.fr\/en\/wp-json\/wp\/v2\/thematique?post=59340"}],"curies":[{"name":"wp","href":"https:\/\/api.w.org\/{rel}","templated":true}]}}