{"id":59278,"date":"2022-12-09T11:12:24","date_gmt":"2022-12-09T10:12:24","guid":{"rendered":"https:\/\/unm.fr\/?p=59278"},"modified":"2023-04-25T14:43:11","modified_gmt":"2023-04-25T13:43:11","slug":"revision-des-nf-iso-603-produits-abrasifs-agglomeres-dimensions-parties-14-15-et-16","status":"publish","type":"post","link":"https:\/\/unm.fr\/en\/standards-of-the-month\/revision-des-nf-iso-603-produits-abrasifs-agglomeres-dimensions-parties-14-15-et-16\/","title":{"rendered":"R\u00e9vision des NF ISO 603 Produits abrasifs agglom\u00e9r\u00e9s \u2014 Dimensions \u2014 Parties 14, 15 et 16"},"content":{"rendered":"\t\t<div data-elementor-type=\"wp-post\" data-elementor-id=\"59278\" class=\"elementor elementor-59278\" data-elementor-post-type=\"post\">\n\t\t\t\t<div class=\"elementor-element elementor-element-635ed48 e-flex e-con-boxed e-con e-parent\" data-id=\"635ed48\" data-element_type=\"container\" data-e-type=\"container\" data-settings=\"{&quot;jet_parallax_layout_list&quot;:[]}\">\n\t\t\t\t\t<div class=\"e-con-inner\">\n\t\t\t\t<div class=\"elementor-element elementor-element-9da0a3c elementor-widget elementor-widget-text-editor\" data-id=\"9da0a3c\" data-element_type=\"widget\" data-e-type=\"widget\" data-widget_type=\"text-editor.default\">\n\t\t\t\t<div class=\"elementor-widget-container\">\n\t\t\t\t\t\t\t\t\t<p>La r\u00e9vision attendue de la premi\u00e8re \u00e9dition des 16 parties de la s\u00e9rie des normes ISO 603 sur la dimension de produits abrasifs a \u00e9t\u00e9 lanc\u00e9e dans un groupe de travail international \u00e0 animation fran\u00e7aise. Les premi\u00e8res \u00e9ditions qui datent de 1999 sont devenues obsol\u00e8tes.<\/p><p>Apr\u00e8s un d\u00e9but de travaux initi\u00e9 par la F\u00e9d\u00e9ration Europ\u00e9enne des Producteurs d\u2019Abrasifs (FEPA), Aldric BARBIER (Saint Gobain abrasifs), animateur du groupe ISO\/TC 29\/SC 5\/WG 5 \u00ab Abrasifs agglom\u00e9r\u00e9s \u00bb et chef de projet, a men\u00e9 la r\u00e9vision des trois premi\u00e8res parties qui viennent d\u2019\u00eatre publi\u00e9es :<\/p><ul><li>Partie 14 \u00ab Meules pour \u00e9barbage et \u00e9bavurage sur meuleuses portatives \u00e0 renvoi d\u2019angle \u00bb ;<\/li><li>Partie 15 \u00ab Meules pour tron\u00e7onnage sur machines de tron\u00e7onnage fixes ou mobiles \u00bb ;<\/li><li>Partie 16 \u00ab Meules pour tron\u00e7onnage sur machines portatives \u00bb.<\/li><\/ul><p>Deux nouvelles parties sont sur les rails, avec Francesco MAIOLINI (MABTOOL), qui succ\u00e8de \u00e0 Aldric Barbier comme animateur fran\u00e7ais et un nouveau chef de projet su\u00e9dois :<\/p><ul><li>Partie 8 \u00ab Meules pour \u00e9barbage et \u00e9bavurage \u00bb<\/li><li>Partie 9 \u00ab Meules pour meulage haute pression \u00bb.<\/li><\/ul><p>\u00a0Ces sujets sont suivis par l\u2019UNM 07 \u00ab Meules et abrasifs<\/p>\t\t\t\t\t\t\t\t<\/div>\n\t\t\t\t<\/div>\n\t\t\t\t\t<\/div>\n\t\t\t\t<\/div>\n\t\t\t\t<\/div>\n\t\t","protected":false},"excerpt":{"rendered":"<p>Normes NF ISO 603 Produits abrasifs agglom\u00e9r\u00e9s \u2014 Dimensions \u2014 Parties 14, 15 et 16<\/p>\n","protected":false},"author":8,"featured_media":59226,"comment_status":"closed","ping_status":"closed","sticky":false,"template":"","format":"standard","meta":{"date-de-webinaire":0,"heure-webinaire":"","duree-webinaire":"","lien-bouton-cta":"","footnotes":""},"categories":[38],"tags":[],"normes-associees":[3291],"thematique":[86],"class_list":["post-59278","post","type-post","status-publish","format-standard","has-post-thumbnail","hentry","category-focus-norme","normes-associees-iso-603-serie","thematique-composants-et-pieces-mecaniques"],"_links":{"self":[{"href":"https:\/\/unm.fr\/en\/wp-json\/wp\/v2\/posts\/59278","targetHints":{"allow":["GET"]}}],"collection":[{"href":"https:\/\/unm.fr\/en\/wp-json\/wp\/v2\/posts"}],"about":[{"href":"https:\/\/unm.fr\/en\/wp-json\/wp\/v2\/types\/post"}],"author":[{"embeddable":true,"href":"https:\/\/unm.fr\/en\/wp-json\/wp\/v2\/users\/8"}],"replies":[{"embeddable":true,"href":"https:\/\/unm.fr\/en\/wp-json\/wp\/v2\/comments?post=59278"}],"version-history":[{"count":12,"href":"https:\/\/unm.fr\/en\/wp-json\/wp\/v2\/posts\/59278\/revisions"}],"predecessor-version":[{"id":59435,"href":"https:\/\/unm.fr\/en\/wp-json\/wp\/v2\/posts\/59278\/revisions\/59435"}],"wp:featuredmedia":[{"embeddable":true,"href":"https:\/\/unm.fr\/en\/wp-json\/wp\/v2\/media\/59226"}],"wp:attachment":[{"href":"https:\/\/unm.fr\/en\/wp-json\/wp\/v2\/media?parent=59278"}],"wp:term":[{"taxonomy":"category","embeddable":true,"href":"https:\/\/unm.fr\/en\/wp-json\/wp\/v2\/categories?post=59278"},{"taxonomy":"post_tag","embeddable":true,"href":"https:\/\/unm.fr\/en\/wp-json\/wp\/v2\/tags?post=59278"},{"taxonomy":"normes-associees","embeddable":true,"href":"https:\/\/unm.fr\/en\/wp-json\/wp\/v2\/normes-associees?post=59278"},{"taxonomy":"thematique","embeddable":true,"href":"https:\/\/unm.fr\/en\/wp-json\/wp\/v2\/thematique?post=59278"}],"curies":[{"name":"wp","href":"https:\/\/api.w.org\/{rel}","templated":true}]}}