{"id":59272,"date":"2022-12-08T09:29:30","date_gmt":"2022-12-08T08:29:30","guid":{"rendered":"https:\/\/unm.fr\/?p=59272"},"modified":"2023-04-25T14:51:06","modified_gmt":"2023-04-25T13:51:06","slug":"securite-des-equipement-et-systemes-de-manutention-continue","status":"publish","type":"post","link":"https:\/\/unm.fr\/en\/news\/securite-des-equipement-et-systemes-de-manutention-continue\/","title":{"rendered":"S\u00e9curit\u00e9 des \u00e9quipement et syst\u00e8mes de manutention continue"},"content":{"rendered":"\t\t<div data-elementor-type=\"wp-post\" data-elementor-id=\"59272\" class=\"elementor elementor-59272\" data-elementor-post-type=\"post\">\n\t\t\t\t<div class=\"elementor-element elementor-element-71a13d6 e-flex e-con-boxed e-con e-parent\" data-id=\"71a13d6\" data-element_type=\"container\" data-e-type=\"container\" data-settings=\"{&quot;jet_parallax_layout_list&quot;:[]}\">\n\t\t\t\t\t<div class=\"e-con-inner\">\n\t\t\t\t<div class=\"elementor-element elementor-element-6d740e6 elementor-widget elementor-widget-text-editor\" data-id=\"6d740e6\" data-element_type=\"widget\" data-e-type=\"widget\" data-widget_type=\"text-editor.default\">\n\t\t\t\t<div class=\"elementor-widget-container\">\n\t\t\t\t\t\t\t\t\t<p>Si les nouvelles \u00e9ditions des normes harmonis\u00e9es NF EN 619 \u00ab \u00c9quipements et syst\u00e8mes de manutention m\u00e9canique des charges isol\u00e9es \u00bb et NF EN 620 \u00ab Transporteurs \u00e0 courroie fixes pour produits en vrac \u00bb publi\u00e9es respectivement en 2022 et 2021 sont toujours en attente de d\u00e9cisions de la Commission Europ\u00e9enne pour leur citation au JOUE, la prise en compte de la future r\u00e9glementation Machines est d\u00e9j\u00e0 en marche.<\/p><p>Plus pr\u00e9cis\u00e9ment, des r\u00e9flexions ont \u00e9t\u00e9 men\u00e9es pour la r\u00e9vision des normes harmonis\u00e9es qui sont anciennes : la Su\u00e8de s\u2019est port\u00e9e candidate pour la r\u00e9vision de la NF EN 618 \u00ab Equipements de manutention m\u00e9canique des produits en vrac, \u00e0 l&#8217;exception des transporteurs fixes \u00e0 courroie \u00bb.<\/p><p>En parall\u00e8le, des consultations vont \u00eatre lanc\u00e9es au sein du CEN\/TC 148 afin d\u2019identifier des candidats \u00e0 l\u2019animation et l\u2019expertise pour les r\u00e9visions des NF EN 617 \u00ab Equipements de stockage des produits en vrac en silos, soutes, r\u00e9servoirs et tr\u00e9mies \u00bb et NF EN 741 \u00ab Manutention pneumatique des produits en vrac \u00bb.<\/p><p>Enfin, il a \u00e9t\u00e9 d\u00e9cid\u00e9 d\u2019amorcer la r\u00e9vision de la NF EN 619 pour int\u00e9grer des modifications issues d\u2019interpr\u00e9tations des prescriptions techniques de la norme. Une nouveaut\u00e9 : les groupes de travail seront en charge des fiches d\u2019interpr\u00e9tations sur les normes harmonis\u00e9es \u00e9labor\u00e9es. Lesdites fiches seront disponibles sur la plateforme num\u00e9rique du CEN\/TC 148.<\/p><p>Vers une internationalisation des normes s\u00e9curit\u00e9 Machines pour la manutention continue<\/p><p>L\u2019ISO\/TC 101 va \u00eatre r\u00e9activ\u00e9 \u00e0 la demande de la Su\u00e8de, avec le soutien de l\u2019Allemagne qui en assure la Pr\u00e9sidence et le secr\u00e9tariat. Ce comit\u00e9 technique d\u00e9veloppera des normes en coop\u00e9ration avec le CEN\/TC 148. Comme l\u2019a signal\u00e9 la d\u00e9l\u00e9gation fran\u00e7aise en s\u00e9ance, l\u2019enjeux est de taille : embarquer les acteurs internationaux pour maintenir le niveau de s\u00e9curit\u00e9 \u00e9tabli en Europe dans les futures normes internationales.<\/p><p>Rendez-vous le 15 novembre 2023 \u00e0 Paris pour la prochaine r\u00e9union pl\u00e9ni\u00e8re du CEN\/TC 148.<\/p>\t\t\t\t\t\t\t\t<\/div>\n\t\t\t\t<\/div>\n\t\t\t\t\t<\/div>\n\t\t\t\t<\/div>\n\t\t\t\t<\/div>\n\t\t","protected":false},"excerpt":{"rendered":"<p>Les \u00e9volutions \u00e0 venir de la r\u00e9glementation Machines et la r\u00e9activation de l\u2019ISO\/TC 101 \u00ab Engins de manutention continue \u00bb ont \u00e9t\u00e9 au c\u0153ur des discussions de la r\u00e9union pl\u00e9ni\u00e8re du CEN\/TC 148 \u00ab \u00c9quipement et syst\u00e8mes de manutention continue \u2013 S\u00e9curit\u00e9 \u00bb.<\/p>\n","protected":false},"author":8,"featured_media":59214,"comment_status":"closed","ping_status":"closed","sticky":false,"template":"","format":"standard","meta":{"date-de-webinaire":0,"heure-webinaire":"","duree-webinaire":"","lien-bouton-cta":"","footnotes":""},"categories":[42],"tags":[],"normes-associees":[3295,3294,3022,3293,3296],"thematique":[87,83],"class_list":["post-59272","post","type-post","status-publish","format-standard","has-post-thumbnail","hentry","category-actualite","normes-associees-en-617","normes-associees-en-618","normes-associees-en-619","normes-associees-en-620","normes-associees-en-741","thematique-machines","thematique-securite-des-machines"],"_links":{"self":[{"href":"https:\/\/unm.fr\/en\/wp-json\/wp\/v2\/posts\/59272","targetHints":{"allow":["GET"]}}],"collection":[{"href":"https:\/\/unm.fr\/en\/wp-json\/wp\/v2\/posts"}],"about":[{"href":"https:\/\/unm.fr\/en\/wp-json\/wp\/v2\/types\/post"}],"author":[{"embeddable":true,"href":"https:\/\/unm.fr\/en\/wp-json\/wp\/v2\/users\/8"}],"replies":[{"embeddable":true,"href":"https:\/\/unm.fr\/en\/wp-json\/wp\/v2\/comments?post=59272"}],"version-history":[{"count":6,"href":"https:\/\/unm.fr\/en\/wp-json\/wp\/v2\/posts\/59272\/revisions"}],"predecessor-version":[{"id":59432,"href":"https:\/\/unm.fr\/en\/wp-json\/wp\/v2\/posts\/59272\/revisions\/59432"}],"wp:featuredmedia":[{"embeddable":true,"href":"https:\/\/unm.fr\/en\/wp-json\/wp\/v2\/media\/59214"}],"wp:attachment":[{"href":"https:\/\/unm.fr\/en\/wp-json\/wp\/v2\/media?parent=59272"}],"wp:term":[{"taxonomy":"category","embeddable":true,"href":"https:\/\/unm.fr\/en\/wp-json\/wp\/v2\/categories?post=59272"},{"taxonomy":"post_tag","embeddable":true,"href":"https:\/\/unm.fr\/en\/wp-json\/wp\/v2\/tags?post=59272"},{"taxonomy":"normes-associees","embeddable":true,"href":"https:\/\/unm.fr\/en\/wp-json\/wp\/v2\/normes-associees?post=59272"},{"taxonomy":"thematique","embeddable":true,"href":"https:\/\/unm.fr\/en\/wp-json\/wp\/v2\/thematique?post=59272"}],"curies":[{"name":"wp","href":"https:\/\/api.w.org\/{rel}","templated":true}]}}