{"id":59265,"date":"2022-12-07T09:14:37","date_gmt":"2022-12-07T08:14:37","guid":{"rendered":"https:\/\/unm.fr\/?p=59265"},"modified":"2023-04-25T15:11:26","modified_gmt":"2023-04-25T14:11:26","slug":"systemes-de-ventilation-pour-les-batiments","status":"publish","type":"post","link":"https:\/\/unm.fr\/en\/news\/systemes-de-ventilation-pour-les-batiments\/","title":{"rendered":"Syst\u00e8mes de ventilation pour les b\u00e2timents"},"content":{"rendered":"\t\t<div data-elementor-type=\"wp-post\" data-elementor-id=\"59265\" class=\"elementor elementor-59265\" data-elementor-post-type=\"post\">\n\t\t\t\t<div class=\"elementor-element elementor-element-d00cabe e-flex e-con-boxed e-con e-parent\" data-id=\"d00cabe\" data-element_type=\"container\" data-e-type=\"container\" data-settings=\"{&quot;jet_parallax_layout_list&quot;:[]}\">\n\t\t\t\t\t<div class=\"e-con-inner\">\n\t\t\t\t<div class=\"elementor-element elementor-element-915fbaf elementor-widget elementor-widget-text-editor\" data-id=\"915fbaf\" data-element_type=\"widget\" data-e-type=\"widget\" data-widget_type=\"text-editor.default\">\n\t\t\t\t<div class=\"elementor-widget-container\">\n\t\t\t\t\t\t\t\t\t<p>Apr\u00e8s plus de 18 ans de travaux, 4 animateurs diff\u00e9rents et aucune perspective d&#8217;accord au sein du CEN\/TC 156\/WG 18 \u00ab Ventilation dans les h\u00f4pitaux \u00bb, le comit\u00e9 technique a d\u00e9cid\u00e9 de geler les travaux du WG 18 et de cr\u00e9er un groupe d&#8217;\u00e9tude.<\/p><p>Ce nouveau groupe d&#8217;\u00e9tude devra fournir une analyse de haut niveau de la situation int\u00e9grant des propositions pour aller de l&#8217;avant. Un rapport d&#8217;avancement est attendu lors de la prochaine r\u00e9union pl\u00e9ni\u00e8re du CEN\/TC 156, les 3 et 4 mai 2023 \u00e0 Copenhague (Danemark).<\/p><p>Le comit\u00e9 technique lancera un appel \u00e0 participants dans les semaines \u00e0 venir.<\/p>\t\t\t\t\t\t\t\t<\/div>\n\t\t\t\t<\/div>\n\t\t\t\t\t<\/div>\n\t\t\t\t<\/div>\n\t\t\t\t<\/div>\n\t\t","protected":false},"excerpt":{"rendered":"<p>Tous les pays membres s\u2019accordent \u00e0 dire qu\u2019un document sur la ventilation des locaux m\u00e9dicaux est indispensable. Mais les approches tr\u00e8s diff\u00e9rentes suivant les pays et les niveaux de qualit\u00e9 disparates ont emp\u00each\u00e9 les experts de passer \u00e0 l\u2019acte. R\u00e9sultat, le projet de norme sur la ventilation des locaux m\u00e9dicaux vient une nouvelle fois d&#8217;\u00eatre annul\u00e9 pour d\u00e9passement des d\u00e9lais d\u2019\u00e9laboration.<\/p>\n","protected":false},"author":8,"featured_media":59218,"comment_status":"closed","ping_status":"closed","sticky":false,"template":"","format":"standard","meta":{"date-de-webinaire":0,"heure-webinaire":"","duree-webinaire":"","lien-bouton-cta":"","footnotes":""},"categories":[42],"tags":[],"normes-associees":[],"thematique":[85],"class_list":["post-59265","post","type-post","status-publish","format-standard","has-post-thumbnail","hentry","category-actualite","thematique-energetique-et-fluidique"],"_links":{"self":[{"href":"https:\/\/unm.fr\/en\/wp-json\/wp\/v2\/posts\/59265","targetHints":{"allow":["GET"]}}],"collection":[{"href":"https:\/\/unm.fr\/en\/wp-json\/wp\/v2\/posts"}],"about":[{"href":"https:\/\/unm.fr\/en\/wp-json\/wp\/v2\/types\/post"}],"author":[{"embeddable":true,"href":"https:\/\/unm.fr\/en\/wp-json\/wp\/v2\/users\/8"}],"replies":[{"embeddable":true,"href":"https:\/\/unm.fr\/en\/wp-json\/wp\/v2\/comments?post=59265"}],"version-history":[{"count":6,"href":"https:\/\/unm.fr\/en\/wp-json\/wp\/v2\/posts\/59265\/revisions"}],"predecessor-version":[{"id":59271,"href":"https:\/\/unm.fr\/en\/wp-json\/wp\/v2\/posts\/59265\/revisions\/59271"}],"wp:featuredmedia":[{"embeddable":true,"href":"https:\/\/unm.fr\/en\/wp-json\/wp\/v2\/media\/59218"}],"wp:attachment":[{"href":"https:\/\/unm.fr\/en\/wp-json\/wp\/v2\/media?parent=59265"}],"wp:term":[{"taxonomy":"category","embeddable":true,"href":"https:\/\/unm.fr\/en\/wp-json\/wp\/v2\/categories?post=59265"},{"taxonomy":"post_tag","embeddable":true,"href":"https:\/\/unm.fr\/en\/wp-json\/wp\/v2\/tags?post=59265"},{"taxonomy":"normes-associees","embeddable":true,"href":"https:\/\/unm.fr\/en\/wp-json\/wp\/v2\/normes-associees?post=59265"},{"taxonomy":"thematique","embeddable":true,"href":"https:\/\/unm.fr\/en\/wp-json\/wp\/v2\/thematique?post=59265"}],"curies":[{"name":"wp","href":"https:\/\/api.w.org\/{rel}","templated":true}]}}