{"id":59257,"date":"2022-12-06T08:49:14","date_gmt":"2022-12-06T07:49:14","guid":{"rendered":"https:\/\/unm.fr\/?p=59257"},"modified":"2023-04-25T15:17:18","modified_gmt":"2023-04-25T14:17:18","slug":"transmissions-mecaniques-paliers-lisses","status":"publish","type":"post","link":"https:\/\/unm.fr\/en\/news\/transmissions-mecaniques-paliers-lisses\/","title":{"rendered":"Transmissions m\u00e9caniques &#8211; Paliers lisses"},"content":{"rendered":"\t\t<div data-elementor-type=\"wp-post\" data-elementor-id=\"59257\" class=\"elementor elementor-59257\" data-elementor-post-type=\"post\">\n\t\t\t\t<div class=\"elementor-element elementor-element-420d961 e-flex e-con-boxed e-con e-parent\" data-id=\"420d961\" data-element_type=\"container\" data-e-type=\"container\" data-settings=\"{&quot;jet_parallax_layout_list&quot;:[]}\">\n\t\t\t\t\t<div class=\"e-con-inner\">\n\t\t\t\t<div class=\"elementor-element elementor-element-d5e9072 elementor-widget elementor-widget-text-editor\" data-id=\"d5e9072\" data-element_type=\"widget\" data-e-type=\"widget\" data-widget_type=\"text-editor.default\">\n\t\t\t\t<div class=\"elementor-widget-container\">\n\t\t\t\t\t\t\t\t\t<p>Retour sur les temps forts de cette rencontre :<\/p><ul><li>au sous-comit\u00e9 6 \u00ab Termes et sujets communs \u00bb : le projet ISO 12843 sur la r\u00e9utilisation, le recyclage et l\u2019entreposage des mat\u00e9riaux pour les paliers lisses sera soumis \u00e0 l\u2019enqu\u00eate technique en 2023 et la s\u00e9rie ISO 4378-1 \u00e0 3 qui recense les termes, d\u00e9finitions, classification et symboles sera r\u00e9vis\u00e9e pour prendre en compte d\u2019autres concepts courants.<\/li><li>au sous-comit\u00e9 7 \u00ab Paliers lisses de types particuliers \u00bb, les d\u00e9l\u00e9gations ont examin\u00e9 les commentaires re\u00e7us sur le projet ISO 8838 relatif aux mat\u00e9riaux de paliers lisses lubrifi\u00e9s \u00e0 l&#8217;eau. Le projet sera soumis \u00e0 une nouvelle enqu\u00eate pour commentaires avant l\u2019enqu\u00eate technique officielle.<\/li><li>au sous-comit\u00e9 8 \u00ab M\u00e9thodes de calcul pour les paliers lisses et leurs applications \u00bb, les experts internationaux se sont interrog\u00e9s : le sous-comit\u00e9 doit-il normaliser les paliers magn\u00e9tiques ? Des investigations seront men\u00e9es en 2023 pour apporter une r\u00e9ponse \u00e9clair\u00e9e. La France a d\u2019ores et d\u00e9j\u00e0 une position sur la question, soutenue par la Chine : le palier magn\u00e9tique, au m\u00eame titre que le palier hydrodynamique, ou encore le palier fonctionnant avec des fluides ferro-magn\u00e9tiques, rel\u00e8vent de la comp\u00e9tence de ce sous-comit\u00e9.<\/li><\/ul><p><br \/>Autre fait marquant : Jean Bouyer, Michel Fillon, Pascal Jolly et No\u00ebl Bruneti\u00e8re ont ouvert les portes du laboratoire de l\u2019Institut Pprime \u00e0 la d\u00e9l\u00e9gation japonaise, pour une visite comment\u00e9e. Machines de mesure de surface, machine d\u2019essai des paliers a\u00e9rodynamiques, de l\u00e9vitation acoustique, ainsi que le plateau technique de Prom\u00e9th\u00e9e qui regroupe entres autres des installations d\u2019essais pour la tribologie, la lubrification et le contr\u00f4le des \u00e9coulements, ont \u00e9t\u00e9 pr\u00e9sent\u00e9s aux d\u00e9l\u00e9gu\u00e9s les plus curieux.<\/p><p>Toutefois, la repr\u00e9sentativit\u00e9 de l\u2019industrie des paliers lisses fran\u00e7aise au sein de la commission UNM 05 Transmissions m\u00e9caniques reste \u00e0 enrichir. Le d\u00e9fi est de constituer une d\u00e9l\u00e9gation fran\u00e7aise forte lors des prochaines r\u00e9union de l\u2019ISO\/TC 123. Cap sur le Japon en 2023.<\/p><p>Le saviez-vous ?<br \/><br \/>Les Tumulus de Bougon qui ont \u00e9t\u00e9 construits il y a quelque 6 000 ans sont un vestige exceptionnel qui marque les d\u00e9but de la tribologie !<\/p>\t\t\t\t\t\t\t\t<\/div>\n\t\t\t\t<\/div>\n\t\t\t\t\t<\/div>\n\t\t\t\t<\/div>\n\t\t\t\t<\/div>\n\t\t","protected":false},"excerpt":{"rendered":"<p>Les r\u00e9unions de l\u2019ISO\/TC 123 Paliers lisses et de ses sous-comit\u00e9s 2, 3, 5 et 6, 7, 8 ont eu lieu \u00e0 Chasseneuil du Poitou en novembre dernier, \u00e0 l\u2019Institut Pprime \u00e9tabli sur le campus Nord de l\u2019Universit\u00e9 de Poitiers. L\u2019institut rattach\u00e9 au CNRS regroupe des unit\u00e9s de recherche des domaines des Sciences Physiques et des Sciences de l\u2019Ing\u00e9nierie. Les experts paliers lisses japonais ont fait le d\u00e9placement.<\/p>\n","protected":false},"author":8,"featured_media":59222,"comment_status":"closed","ping_status":"closed","sticky":false,"template":"","format":"standard","meta":{"date-de-webinaire":0,"heure-webinaire":"","duree-webinaire":"","lien-bouton-cta":"","footnotes":""},"categories":[42],"tags":[],"normes-associees":[3298,3299,3300],"thematique":[86],"class_list":["post-59257","post","type-post","status-publish","format-standard","has-post-thumbnail","hentry","category-actualite","normes-associees-iso-12843","normes-associees-iso-4378-serie","normes-associees-iso-8838","thematique-composants-et-pieces-mecaniques"],"_links":{"self":[{"href":"https:\/\/unm.fr\/en\/wp-json\/wp\/v2\/posts\/59257","targetHints":{"allow":["GET"]}}],"collection":[{"href":"https:\/\/unm.fr\/en\/wp-json\/wp\/v2\/posts"}],"about":[{"href":"https:\/\/unm.fr\/en\/wp-json\/wp\/v2\/types\/post"}],"author":[{"embeddable":true,"href":"https:\/\/unm.fr\/en\/wp-json\/wp\/v2\/users\/8"}],"replies":[{"embeddable":true,"href":"https:\/\/unm.fr\/en\/wp-json\/wp\/v2\/comments?post=59257"}],"version-history":[{"count":6,"href":"https:\/\/unm.fr\/en\/wp-json\/wp\/v2\/posts\/59257\/revisions"}],"predecessor-version":[{"id":59264,"href":"https:\/\/unm.fr\/en\/wp-json\/wp\/v2\/posts\/59257\/revisions\/59264"}],"wp:featuredmedia":[{"embeddable":true,"href":"https:\/\/unm.fr\/en\/wp-json\/wp\/v2\/media\/59222"}],"wp:attachment":[{"href":"https:\/\/unm.fr\/en\/wp-json\/wp\/v2\/media?parent=59257"}],"wp:term":[{"taxonomy":"category","embeddable":true,"href":"https:\/\/unm.fr\/en\/wp-json\/wp\/v2\/categories?post=59257"},{"taxonomy":"post_tag","embeddable":true,"href":"https:\/\/unm.fr\/en\/wp-json\/wp\/v2\/tags?post=59257"},{"taxonomy":"normes-associees","embeddable":true,"href":"https:\/\/unm.fr\/en\/wp-json\/wp\/v2\/normes-associees?post=59257"},{"taxonomy":"thematique","embeddable":true,"href":"https:\/\/unm.fr\/en\/wp-json\/wp\/v2\/thematique?post=59257"}],"curies":[{"name":"wp","href":"https:\/\/api.w.org\/{rel}","templated":true}]}}