{"id":59230,"date":"2022-12-09T08:31:50","date_gmt":"2022-12-09T07:31:50","guid":{"rendered":"https:\/\/unm.fr\/?p=59230"},"modified":"2023-04-25T14:44:25","modified_gmt":"2023-04-25T13:44:25","slug":"une-nouvelle-plateforme-collaborative-pour-les-experts","status":"publish","type":"post","link":"https:\/\/unm.fr\/en\/news\/une-nouvelle-plateforme-collaborative-pour-les-experts\/","title":{"rendered":"Une nouvelle plateforme collaborative pour les experts"},"content":{"rendered":"\t\t<div data-elementor-type=\"wp-post\" data-elementor-id=\"59230\" class=\"elementor elementor-59230\" data-elementor-post-type=\"post\">\n\t\t\t\t<div class=\"elementor-element elementor-element-b460fad e-flex e-con-boxed e-con e-parent\" data-id=\"b460fad\" data-element_type=\"container\" data-e-type=\"container\" data-settings=\"{&quot;jet_parallax_layout_list&quot;:[]}\">\n\t\t\t\t\t<div class=\"e-con-inner\">\n\t\t\t\t<div class=\"elementor-element elementor-element-d47fb67 elementor-widget elementor-widget-text-editor\" data-id=\"d47fb67\" data-element_type=\"widget\" data-e-type=\"widget\" data-widget_type=\"text-editor.default\">\n\t\t\t\t<div class=\"elementor-widget-container\">\n\t\t\t\t\t\t\t\t\t<p>La Plateforme collaborative permet \u00e0 un membre de commission d\u2019avoir une vue d&#8217;ensemble de toutes ses activit\u00e9s en normalisation : les derni\u00e8res consultations, les prochaines r\u00e9unions, les derniers documents des comit\u00e9s europ\u00e9ens et internationaux suivis, entre autres, seront visualis\u00e9s en un coup d&#8217;\u0153il.<\/p><p>Quelles am\u00e9liorations par rapport \u00e0 Comelec ?<\/p><ul><li>une interface ergonomique ;<\/li><li>une collaboration fluide ;<\/li><li>une meilleure tra\u00e7abilit\u00e9 des \u00e9changes.<\/li><\/ul><p><br \/>Souple et \u00e9volutif, ce nouvel espace de travail est destin\u00e9 \u00e0 s\u2019enrichir progressivement avec des options de pr\u00e9f\u00e9rence d&#8217;affichage, de notification selon les centres d&#8217;int\u00e9r\u00eats ou encore de collaboration sur un document unique, pour ne citer que quelques-unes des \u00e9volutions \u00e0 venir.<\/p>\t\t\t\t\t\t\t\t<\/div>\n\t\t\t\t<\/div>\n\t\t\t\t\t<\/div>\n\t\t\t\t<\/div>\n\t\t\t\t<\/div>\n\t\t","protected":false},"excerpt":{"rendered":"<p>D\u2019ici le 15 d\u00e9cembre 2022, tous les comit\u00e9s \u00e9lectroniques Comelec sur le Livelink vont migrer vers la Plateforme collaborative AFNOR.<\/p>\n","protected":false},"author":8,"featured_media":59228,"comment_status":"closed","ping_status":"closed","sticky":false,"template":"","format":"standard","meta":{"date-de-webinaire":0,"heure-webinaire":"","duree-webinaire":"","lien-bouton-cta":"","footnotes":""},"categories":[42],"tags":[],"normes-associees":[],"thematique":[88],"class_list":["post-59230","post","type-post","status-publish","format-standard","has-post-thumbnail","hentry","category-actualite","thematique-vie-du-systeme-de-normalisation"],"_links":{"self":[{"href":"https:\/\/unm.fr\/en\/wp-json\/wp\/v2\/posts\/59230","targetHints":{"allow":["GET"]}}],"collection":[{"href":"https:\/\/unm.fr\/en\/wp-json\/wp\/v2\/posts"}],"about":[{"href":"https:\/\/unm.fr\/en\/wp-json\/wp\/v2\/types\/post"}],"author":[{"embeddable":true,"href":"https:\/\/unm.fr\/en\/wp-json\/wp\/v2\/users\/8"}],"replies":[{"embeddable":true,"href":"https:\/\/unm.fr\/en\/wp-json\/wp\/v2\/comments?post=59230"}],"version-history":[{"count":6,"href":"https:\/\/unm.fr\/en\/wp-json\/wp\/v2\/posts\/59230\/revisions"}],"predecessor-version":[{"id":59238,"href":"https:\/\/unm.fr\/en\/wp-json\/wp\/v2\/posts\/59230\/revisions\/59238"}],"wp:featuredmedia":[{"embeddable":true,"href":"https:\/\/unm.fr\/en\/wp-json\/wp\/v2\/media\/59228"}],"wp:attachment":[{"href":"https:\/\/unm.fr\/en\/wp-json\/wp\/v2\/media?parent=59230"}],"wp:term":[{"taxonomy":"category","embeddable":true,"href":"https:\/\/unm.fr\/en\/wp-json\/wp\/v2\/categories?post=59230"},{"taxonomy":"post_tag","embeddable":true,"href":"https:\/\/unm.fr\/en\/wp-json\/wp\/v2\/tags?post=59230"},{"taxonomy":"normes-associees","embeddable":true,"href":"https:\/\/unm.fr\/en\/wp-json\/wp\/v2\/normes-associees?post=59230"},{"taxonomy":"thematique","embeddable":true,"href":"https:\/\/unm.fr\/en\/wp-json\/wp\/v2\/thematique?post=59230"}],"curies":[{"name":"wp","href":"https:\/\/api.w.org\/{rel}","templated":true}]}}