{"id":59150,"date":"2023-02-06T16:29:26","date_gmt":"2023-02-06T15:29:26","guid":{"rendered":"https:\/\/unm.fr\/?p=59150"},"modified":"2023-04-25T10:39:40","modified_gmt":"2023-04-25T09:39:40","slug":"viva-fabrica","status":"publish","type":"post","link":"https:\/\/unm.fr\/en\/news\/viva-fabrica\/","title":{"rendered":"Viva Fabrica !"},"content":{"rendered":"\t\t<div data-elementor-type=\"wp-post\" data-elementor-id=\"59150\" class=\"elementor elementor-59150\" data-elementor-post-type=\"post\">\n\t\t\t\t<div class=\"elementor-element elementor-element-8e9a63d e-flex e-con-boxed e-con e-parent\" data-id=\"8e9a63d\" data-element_type=\"container\" data-e-type=\"container\" data-settings=\"{&quot;jet_parallax_layout_list&quot;:[]}\">\n\t\t\t\t\t<div class=\"e-con-inner\">\n\t\t\t\t<div class=\"elementor-element elementor-element-69d845c elementor-widget elementor-widget-text-editor\" data-id=\"69d845c\" data-element_type=\"widget\" data-e-type=\"widget\" data-widget_type=\"text-editor.default\">\n\t\t\t\t<div class=\"elementor-widget-container\">\n\t\t\t\t\t\t\t\t\t<p>Les jeunes sont \u00e0 l&#8217;honneur du 22 au 26 f\u00e9vrier dans les anciennes usines Fagor de Lyon. Un lieu exceptionnel pour un \u00e9v\u00e9nement exceptionnel !<\/p><p>\u00a0<\/p><p>Plus de 50 industriels de tous horizons seront pr\u00e9sents sur plus de 12\u00a0000m<sup>2<\/sup> pour casser les id\u00e9es re\u00e7ues et montrer aux jeunes la r\u00e9alit\u00e9 de l&#8217;industrie d&#8217;aujourd&#8217;hui et son r\u00f4le dans la construction d&#8217;un avenir durable.<\/p><p>\u00a0<\/p><p>Viva Fabrica !, c&#8217;est aussi l&#8217;occasion de mettre en valeur les technologies et les m\u00e9tiers de l&#8217;industrie, essentiels. Saviez-vous que l&#8217;industrie \u00e9tait le premier employeur de France ? Plus de 250 000 postes sont \u00e0 pourvoir chaque ann\u00e9e\u00a0!<\/p><p>\u00a0<\/p><p>Cette ann\u00e9e, la FIM, le Cetim et l&#8217;UNM parlent d&#8217;une m\u00eame voix pour y pr\u00e9senter une industrie m\u00e9canique inspirante, innovante et soucieuse de l\u2019environnement. Plusieurs animations permettront de vivre une exp\u00e9rience immersive pour d\u00e9couvrir l&#8217;industrie et faire r\u00eaver les jeunes g\u00e9n\u00e9rations.<\/p><p>L&#8217;inscription gratuite est obligatoire pour profiter pleinement de cette exp\u00e9rience : <a href=\"https:\/\/viva-fabrica.fr\/inscription\/\" target=\"_blank\" rel=\"noopener\">Inscription<\/a>.<\/p><p>Plus d&#8217;informations sur le site de l&#8217;\u00e9v\u00e9nement : <a href=\"https:\/\/viva-fabrica.fr\/\" rel=\"noopener\">Viva Fabrica !<\/a><\/p>\t\t\t\t\t\t\t\t<\/div>\n\t\t\t\t<\/div>\n\t\t\t\t\t<\/div>\n\t\t\t\t<\/div>\n\t\t\t\t<\/div>\n\t\t","protected":false},"excerpt":{"rendered":"<p>L&#8217;UNM sera aux c\u00f4t\u00e9s de la FIM et du CETIM pour pr\u00e9senter les industries m\u00e9caniques comme vous ne les avez jamais vues \u00e0 Viva Fabrica ! Un \u00e9v\u00e9nement fait pour r\u00eaver et inspirer les jeunes g\u00e9n\u00e9rations\u2026 <\/p>\n","protected":false},"author":8,"featured_media":59119,"comment_status":"closed","ping_status":"closed","sticky":false,"template":"","format":"standard","meta":{"date-de-webinaire":0,"heure-webinaire":"","duree-webinaire":"","lien-bouton-cta":"","footnotes":""},"categories":[42],"tags":[],"normes-associees":[],"thematique":[2897],"class_list":["post-59150","post","type-post","status-publish","format-standard","has-post-thumbnail","hentry","category-actualite","thematique-vie-de-lunm"],"_links":{"self":[{"href":"https:\/\/unm.fr\/en\/wp-json\/wp\/v2\/posts\/59150","targetHints":{"allow":["GET"]}}],"collection":[{"href":"https:\/\/unm.fr\/en\/wp-json\/wp\/v2\/posts"}],"about":[{"href":"https:\/\/unm.fr\/en\/wp-json\/wp\/v2\/types\/post"}],"author":[{"embeddable":true,"href":"https:\/\/unm.fr\/en\/wp-json\/wp\/v2\/users\/8"}],"replies":[{"embeddable":true,"href":"https:\/\/unm.fr\/en\/wp-json\/wp\/v2\/comments?post=59150"}],"version-history":[{"count":8,"href":"https:\/\/unm.fr\/en\/wp-json\/wp\/v2\/posts\/59150\/revisions"}],"predecessor-version":[{"id":72184,"href":"https:\/\/unm.fr\/en\/wp-json\/wp\/v2\/posts\/59150\/revisions\/72184"}],"wp:featuredmedia":[{"embeddable":true,"href":"https:\/\/unm.fr\/en\/wp-json\/wp\/v2\/media\/59119"}],"wp:attachment":[{"href":"https:\/\/unm.fr\/en\/wp-json\/wp\/v2\/media?parent=59150"}],"wp:term":[{"taxonomy":"category","embeddable":true,"href":"https:\/\/unm.fr\/en\/wp-json\/wp\/v2\/categories?post=59150"},{"taxonomy":"post_tag","embeddable":true,"href":"https:\/\/unm.fr\/en\/wp-json\/wp\/v2\/tags?post=59150"},{"taxonomy":"normes-associees","embeddable":true,"href":"https:\/\/unm.fr\/en\/wp-json\/wp\/v2\/normes-associees?post=59150"},{"taxonomy":"thematique","embeddable":true,"href":"https:\/\/unm.fr\/en\/wp-json\/wp\/v2\/thematique?post=59150"}],"curies":[{"name":"wp","href":"https:\/\/api.w.org\/{rel}","templated":true}]}}