{"id":59143,"date":"2023-02-07T16:21:03","date_gmt":"2023-02-07T15:21:03","guid":{"rendered":"https:\/\/unm.fr\/?p=59143"},"modified":"2024-08-08T09:32:06","modified_gmt":"2024-08-08T07:32:06","slug":"59143","status":"publish","type":"post","link":"https:\/\/unm.fr\/en\/news\/59143\/","title":{"rendered":"S\u00e9curit\u00e9 des machines et Intelligence artificielle"},"content":{"rendered":"\t\t<div data-elementor-type=\"wp-post\" data-elementor-id=\"59143\" class=\"elementor elementor-59143\" data-elementor-post-type=\"post\">\n\t\t\t\t<div class=\"elementor-element elementor-element-290a404 e-flex e-con-boxed e-con e-parent\" data-id=\"290a404\" data-element_type=\"container\" data-e-type=\"container\" data-settings=\"{&quot;jet_parallax_layout_list&quot;:[]}\">\n\t\t\t\t\t<div class=\"e-con-inner\">\n\t\t\t\t<div class=\"elementor-element elementor-element-45ab1b6 elementor-widget elementor-widget-text-editor\" data-id=\"45ab1b6\" data-element_type=\"widget\" data-e-type=\"widget\" data-widget_type=\"text-editor.default\">\n\t\t\t\t<div class=\"elementor-widget-container\">\n\t\t\t\t\t\t\t\t\t<p>Le R\u00e8glement \u00ab\u00a0Machines\u00a0\u00bb qui para\u00eetra dans les prochains mois, aborde la question de l\u2019intelligence artificielle\u00a0: quelles sont les limites d\u2019utilisation de ces technologies\u00a0?<\/p><p>L\u2019INRS a men\u00e9 une \u00e9tude prospective \u00ab <a href=\"https:\/\/www.inrs.fr\/media.html?refINRS=PV%2019\" target=\"_blank\" rel=\"noopener\">Intelligence artificielle au service de la sant\u00e9 et s\u00e9curit\u00e9 au travail &#8211; Enjeux et perspectives \u00e0 l&#8217;horizon 2035<\/a> \u00bb . Plusieurs scenarii ont \u00e9t\u00e9 envisag\u00e9s en fonction des \u00e9volutions possibles de l&#8217;IA en s\u00e9curit\u00e9 et pas moins de 22 points cl\u00e9s de vigilance ou axes de travail ont \u00e9t\u00e9 identifi\u00e9s.<\/p><p>En normalisation, les r\u00e9flexions \u00ab s\u00e9curit\u00e9 des machines et IA\u00a0\u00bb d\u00e9butent et Franck Gambelli, pr\u00e9sident d\u2019EUROGIP et Directeur Sant\u00e9, S\u00e9curit\u00e9, RSE et Environnement \u00e0 l\u2019UIMM La Fabrique de l&#8217;avenir, a d\u00e9j\u00e0 publi\u00e9 un premier point de vue. L\u2019article s\u2019intitule \u00ab\u00a0<a href=\"https:\/\/eurogip.fr\/ia-et-sst-retour-sur-la-conference-euroshnet-doctobre-2022\/\" target=\"_blank\" rel=\"noopener\">Que peut-on attendre de la normalisation en mati\u00e8re d\u2019intelligence artificielle ?<\/a> \u00bb.<\/p><p>Frank Gambelli y indique les principes de la nouvelle approche qui restent pertinents pour traiter de la question de l\u2019IA\u00a0:<\/p><ul><li>l\u2019exigence de l\u2019analyse de risque : c\u2019est la base de toute conception en s\u00e9curit\u00e9 des machines ;<\/li><li>la neutralit\u00e9 technologique : quel que soit le choix technologique, le risque doit \u00eatre ma\u00eetris\u00e9 et la fonctionnalit\u00e9 assur\u00e9e ;<\/li><li>la clart\u00e9 des concepts : il est n\u00e9cessaire de fournir des d\u00e9finitions pr\u00e9cises.<\/li><\/ul><p>Un bon point de d\u00e9part pour les discussions \u00e0 venir\u2026<\/p>\t\t\t\t\t\t\t\t<\/div>\n\t\t\t\t<\/div>\n\t\t\t\t\t<\/div>\n\t\t\t\t<\/div>\n\t\t\t\t<\/div>\n\t\t","protected":false},"excerpt":{"rendered":"<p>En normalisation, les r\u00e9flexions \u00ab s\u00e9curit\u00e9 des machines et IA \u00bb d\u00e9butent et Franck Gambelli, pr\u00e9sident d\u2019EUROGIP et Directeur Sant\u00e9, S\u00e9curit\u00e9, RSE et Environnement \u00e0 l\u2019UIMM La Fabrique de l&#8217;avenir, a d\u00e9j\u00e0 publi\u00e9 un premier point de vue.<\/p>\n","protected":false},"author":8,"featured_media":59111,"comment_status":"closed","ping_status":"closed","sticky":false,"template":"","format":"standard","meta":{"date-de-webinaire":0,"heure-webinaire":"","duree-webinaire":"","lien-bouton-cta":"","footnotes":""},"categories":[42],"tags":[],"normes-associees":[],"thematique":[87,83,88],"class_list":["post-59143","post","type-post","status-publish","format-standard","has-post-thumbnail","hentry","category-actualite","thematique-machines","thematique-securite-des-machines","thematique-vie-du-systeme-de-normalisation"],"_links":{"self":[{"href":"https:\/\/unm.fr\/en\/wp-json\/wp\/v2\/posts\/59143","targetHints":{"allow":["GET"]}}],"collection":[{"href":"https:\/\/unm.fr\/en\/wp-json\/wp\/v2\/posts"}],"about":[{"href":"https:\/\/unm.fr\/en\/wp-json\/wp\/v2\/types\/post"}],"author":[{"embeddable":true,"href":"https:\/\/unm.fr\/en\/wp-json\/wp\/v2\/users\/8"}],"replies":[{"embeddable":true,"href":"https:\/\/unm.fr\/en\/wp-json\/wp\/v2\/comments?post=59143"}],"version-history":[{"count":7,"href":"https:\/\/unm.fr\/en\/wp-json\/wp\/v2\/posts\/59143\/revisions"}],"predecessor-version":[{"id":72182,"href":"https:\/\/unm.fr\/en\/wp-json\/wp\/v2\/posts\/59143\/revisions\/72182"}],"wp:featuredmedia":[{"embeddable":true,"href":"https:\/\/unm.fr\/en\/wp-json\/wp\/v2\/media\/59111"}],"wp:attachment":[{"href":"https:\/\/unm.fr\/en\/wp-json\/wp\/v2\/media?parent=59143"}],"wp:term":[{"taxonomy":"category","embeddable":true,"href":"https:\/\/unm.fr\/en\/wp-json\/wp\/v2\/categories?post=59143"},{"taxonomy":"post_tag","embeddable":true,"href":"https:\/\/unm.fr\/en\/wp-json\/wp\/v2\/tags?post=59143"},{"taxonomy":"normes-associees","embeddable":true,"href":"https:\/\/unm.fr\/en\/wp-json\/wp\/v2\/normes-associees?post=59143"},{"taxonomy":"thematique","embeddable":true,"href":"https:\/\/unm.fr\/en\/wp-json\/wp\/v2\/thematique?post=59143"}],"curies":[{"name":"wp","href":"https:\/\/api.w.org\/{rel}","templated":true}]}}