{"id":59082,"date":"2023-01-12T14:46:47","date_gmt":"2023-01-12T13:46:47","guid":{"rendered":"https:\/\/unm.fr\/?p=59082"},"modified":"2023-04-25T14:15:15","modified_gmt":"2023-04-25T13:15:15","slug":"nf-en-iso-898-2-caracteristiques-mecaniques-des-ecrous-en-acier-au-carbone-ou-en-acier-allie","status":"publish","type":"post","link":"https:\/\/unm.fr\/en\/standards-of-the-month\/nf-en-iso-898-2-caracteristiques-mecaniques-des-ecrous-en-acier-au-carbone-ou-en-acier-allie\/","title":{"rendered":"NF EN ISO 898-2 Caract\u00e9ristiques m\u00e9caniques des \u00e9crous en acier au carbone ou en acier alli\u00e9"},"content":{"rendered":"\t\t<div data-elementor-type=\"wp-post\" data-elementor-id=\"59082\" class=\"elementor elementor-59082\" data-elementor-post-type=\"post\">\n\t\t\t\t<div class=\"elementor-element elementor-element-b3d7a44 e-flex e-con-boxed e-con e-parent\" data-id=\"b3d7a44\" data-element_type=\"container\" data-e-type=\"container\" data-settings=\"{&quot;jet_parallax_layout_list&quot;:[]}\">\n\t\t\t\t\t<div class=\"e-con-inner\">\n\t\t\t\t<div class=\"elementor-element elementor-element-1c21206 elementor-widget elementor-widget-text-editor\" data-id=\"1c21206\" data-element_type=\"widget\" data-e-type=\"widget\" data-widget_type=\"text-editor.default\">\n\t\t\t\t<div class=\"elementor-widget-container\">\n\t\t\t\t\t\t\t\t\t<p>La NF EN ISO 898-2 est la norme de base de la famille des \u00e9crous de diam\u00e8tre 5 mm \u00e0 39 mm, \u00e0 pas gros et \u00e0 pas fins, en acier au carbone ou acier alli\u00e9.<\/p><p>Elle sp\u00e9cifie les aciers, le traitement thermique, les caract\u00e9ristiques m\u00e9caniques et physiques, les m\u00e9thodes d&#8217;essais de r\u00e9f\u00e9rence ainsi que le marquage et l&#8217;\u00e9tiquetage.<\/p><p>Ces \u00e9crous sont con\u00e7us pour provoquer la rupture de la fixation associ\u00e9e en cas de sur-serrage, et sont pr\u00e9vus pour \u00eatre associ\u00e9s aux vis, goujons et tiges filet\u00e9es sp\u00e9cifi\u00e9s dans la norme NF EN ISO 898-1. Ils ont \u00e9t\u00e9 calcul\u00e9s selon la th\u00e9orie d\u2019Alexander qui fait l\u2019objet du rapport technique ISO\/TR 16224.<\/p><p>Jo\u00eblle PECHENARD (ARTEMA) a men\u00e9 ces travaux de r\u00e9vision, avec le soutien de Christophe DELCHER (CETIM) et des fabricants et distributeurs fran\u00e7ais membres de la commission UNM 04.<\/p><p>Quelles \u00e9volutions par rapport \u00e0 la NF EN ISO\u00a0898-2 de 2012 ?<\/p><ul><li>suppression de la classe de qualit\u00e9 9, et suppression de la classe de qualit\u00e9 5 pour les pas fins ;<\/li><li>extension de la classe de qualit\u00e9 12 \u00e0 tous les diam\u00e8tres \u00e0 pas fin ;<\/li><li>clarification des styles existants et cr\u00e9ation de 3 styles pour les \u00e9crous non-standards ;<\/li><li>extension du marquage et de l\u2019\u00e9tiquetage \u00e0 tous les \u00e9crous conformes \u00e0 la norme, quelle que soit leur forme.<\/li><\/ul><p>Utiliser un \u00e9crou r\u00e9pondant \u00e0 la norme NF EN ISO 898-2:2022 c\u2019est avoir la ma\u00eetrise de ses caract\u00e9ristiques m\u00e9caniques et physiques afin d\u2019utiliser la vis de fa\u00e7on optimale, et s\u2019assurer de la tenue de l\u2019assemblage !<\/p><p>Ces sujets sont suivis par l\u2019UNM 04 \u00ab\u00a0Fixations\u00a0\u00bb<\/p>\t\t\t\t\t\t\t\t<\/div>\n\t\t\t\t<\/div>\n\t\t\t\t\t<\/div>\n\t\t\t\t<\/div>\n\t\t\t\t<\/div>\n\t\t","protected":false},"excerpt":{"rendered":"<p>Norme NF EN ISO 898-2 Caract\u00e9ristiques m\u00e9caniques des \u00e9crous en acier au carbone ou en acier alli\u00e9<br \/>\nPlus d&#8217;informations sur la nouvelle version de la norme<\/p>\n","protected":false},"author":8,"featured_media":58988,"comment_status":"closed","ping_status":"closed","sticky":false,"template":"","format":"standard","meta":{"date-de-webinaire":0,"heure-webinaire":"","duree-webinaire":"","lien-bouton-cta":"","footnotes":""},"categories":[38],"tags":[],"normes-associees":[3288],"thematique":[86],"class_list":["post-59082","post","type-post","status-publish","format-standard","has-post-thumbnail","hentry","category-focus-norme","normes-associees-en-iso-898-serie","thematique-composants-et-pieces-mecaniques"],"_links":{"self":[{"href":"https:\/\/unm.fr\/en\/wp-json\/wp\/v2\/posts\/59082","targetHints":{"allow":["GET"]}}],"collection":[{"href":"https:\/\/unm.fr\/en\/wp-json\/wp\/v2\/posts"}],"about":[{"href":"https:\/\/unm.fr\/en\/wp-json\/wp\/v2\/types\/post"}],"author":[{"embeddable":true,"href":"https:\/\/unm.fr\/en\/wp-json\/wp\/v2\/users\/8"}],"replies":[{"embeddable":true,"href":"https:\/\/unm.fr\/en\/wp-json\/wp\/v2\/comments?post=59082"}],"version-history":[{"count":10,"href":"https:\/\/unm.fr\/en\/wp-json\/wp\/v2\/posts\/59082\/revisions"}],"predecessor-version":[{"id":70853,"href":"https:\/\/unm.fr\/en\/wp-json\/wp\/v2\/posts\/59082\/revisions\/70853"}],"wp:featuredmedia":[{"embeddable":true,"href":"https:\/\/unm.fr\/en\/wp-json\/wp\/v2\/media\/58988"}],"wp:attachment":[{"href":"https:\/\/unm.fr\/en\/wp-json\/wp\/v2\/media?parent=59082"}],"wp:term":[{"taxonomy":"category","embeddable":true,"href":"https:\/\/unm.fr\/en\/wp-json\/wp\/v2\/categories?post=59082"},{"taxonomy":"post_tag","embeddable":true,"href":"https:\/\/unm.fr\/en\/wp-json\/wp\/v2\/tags?post=59082"},{"taxonomy":"normes-associees","embeddable":true,"href":"https:\/\/unm.fr\/en\/wp-json\/wp\/v2\/normes-associees?post=59082"},{"taxonomy":"thematique","embeddable":true,"href":"https:\/\/unm.fr\/en\/wp-json\/wp\/v2\/thematique?post=59082"}],"curies":[{"name":"wp","href":"https:\/\/api.w.org\/{rel}","templated":true}]}}