{"id":58527,"date":"2023-01-12T15:30:38","date_gmt":"2023-01-12T14:30:38","guid":{"rendered":"https:\/\/unm.fr\/?p=58527"},"modified":"2023-04-25T10:40:51","modified_gmt":"2023-04-25T09:40:51","slug":"strategie-2023-2027-lunm-en-ordre-de-bataille","status":"publish","type":"post","link":"https:\/\/unm.fr\/en\/news\/strategie-2023-2027-lunm-en-ordre-de-bataille\/","title":{"rendered":"Strat\u00e9gie 2023-2027: l&#8217;UNM en ordre de bataille"},"content":{"rendered":"\t\t<div data-elementor-type=\"wp-post\" data-elementor-id=\"58527\" class=\"elementor elementor-58527\" data-elementor-post-type=\"post\">\n\t\t\t\t<div class=\"elementor-element elementor-element-3c4438d e-flex e-con-boxed e-con e-parent\" data-id=\"3c4438d\" data-element_type=\"container\" data-e-type=\"container\" data-settings=\"{&quot;jet_parallax_layout_list&quot;:[]}\">\n\t\t\t\t\t<div class=\"e-con-inner\">\n\t\t\t\t<div class=\"elementor-element elementor-element-38da87a elementor-widget elementor-widget-text-editor\" data-id=\"38da87a\" data-element_type=\"widget\" data-e-type=\"widget\" data-widget_type=\"text-editor.default\">\n\t\t\t\t<div class=\"elementor-widget-container\">\n\t\t\t\t\t\t\t\t\t<h2>Pourquoi un nouveau plan strat\u00e9gique ?<\/h2><p>La normalisation est un outil extr\u00eamement structurant pour les fabricants, les utilisateurs et les r\u00e9gulateurs. Elle accompagne l&#8217;innovation et cr\u00e9e un cadre de confiance indispensable au march\u00e9. Les normes sont aussi un facteur de r\u00e9silience de notre \u00e9conomie face aux crises successives.<\/p><p>Face aux enjeux environnementaux et de transformation num\u00e9rique en particulier, la normalisation est une des solutions collectives \u00e0 la disposition des parties prenantes. De l&#8217;\u00e9conomie circulaire \u00e0 l&#8217;intelligence artificielle, en passant par la fabrication additive ou le d\u00e9veloppement de l&#8217;hydrog\u00e8ne, les nouveaux sujets sont complexes, souvent peu matures. Pour autant, notre responsabilit\u00e9 est de trouver des solutions, d&#8217;exp\u00e9rimenter et de d\u00e9ployer, d&#8217;\u00eatre agiles et d&#8217;aller vite. C&#8217;est l&#8217;ambition de ce plan.<\/p><h2>Comment ce plan a-t-il \u00e9t\u00e9 \u00e9labor\u00e9 ?<\/h2><p>L&#8217;UNM est une association loi 1901. Son objet social et sa strat\u00e9gie sont pilot\u00e9s par un Comit\u00e9 de direction, pr\u00e9sid\u00e9 par le pr\u00e9sident de l&#8217;UNM Denis Schnoebelen, o\u00f9 sont repr\u00e9sent\u00e9s ses parties prenantes: f\u00e9d\u00e9rations industrielles (FIM, A3M\/FFA, Elanova), centres techniques (CETIM, CETIAT), et de grands donneurs d&#8217;ordre comme EDF ou RENAULT.<\/p><p>Le Comit\u00e9 de direction s&#8217;est r\u00e9uni en s\u00e9minaire en octobre dernier. Il a dress\u00e9 le bilan de la strat\u00e9gie pr\u00e9c\u00e9dente, analys\u00e9 les opportunit\u00e9s et menaces de notre environnement et r\u00e9fl\u00e9chi aux forces et faiblesses de notre organisation. Il en est ressorti de premi\u00e8res orientations, qui ont fait l&#8217;objet de nombreuses s\u00e9ances de concertation dans les semaines qui ont suivi.<\/p><p>Le nouveau plan strat\u00e9gique a pu \u00eatre finalement \u00eatre approuv\u00e9, avec son volet budg\u00e9taire, lors du comit\u00e9 de direction de d\u00e9cembre.<\/p><h2>Quels sont les grands axes de ce plan strat\u00e9gique 2023-2027 ?<\/h2><p>D&#8217;une mani\u00e8re g\u00e9n\u00e9rale, nous devons renforcer la capacit\u00e9 d&#8217;influence de nos parties prenantes dans le syst\u00e8me de normalisation. Pour cela, nous disposons de trois leviers :<\/p><ol><li>D\u00e9velopper la participation des entreprises en normalisation. Pour \u00eatre plus influents, nous avons besoin de plus d&#8217;experts dans nos travaux, avec des types d&#8217;expertises plus diversifi\u00e9es. Plus d&#8217;experts, c&#8217;est plus de projets d&#8217;initiative fran\u00e7aise, plus de commentaires lors des enqu\u00eates, des d\u00e9l\u00e9gations plus fortes dans les instances europ\u00e9ennes et internationales, plus de candidats pour prendre la pr\u00e9sidence de comit\u00e9s de normalisation au CEN ou \u00e0 l&#8217;ISO. C&#8217;est un enjeu majeur.<br \/><br \/><\/li><li>Le second levier, c&#8217;est de renforcer notre excellence op\u00e9rationnelle. C&#8217;est un point fort et reconnu de l&#8217;UNM, un enjeu d&#8217;attractivit\u00e9 et de confiance. Quand une entreprise s&#8217;inscrit dans une commission de normalisation, elle d\u00e9couvre un univers complexe et m\u00e9connu. Le &#8220;retour sur investissement&#8221; pour sembler long et incertain.<br \/>Pour conforter son engagement, elle doit pouvoir s&#8217;appuyer sur une organisation qui maitrise pleinement les process de la normalisation, qui l&#8217;accompagnera dans son &#8220;m\u00e9tier&#8221; de normalisateur, dans ses dimensions techniques et politiques.<br \/>La reconnaissance de cette excellence op\u00e9rationnelle, non seulement en France mais \u00e9galement aux niveaux europ\u00e9en et international, a \u00e9galement permis \u00e0 l&#8217;UNM d&#8217;obtenir les secr\u00e9tariats de plus de 120 instances au CEN et \u00e0 l&#8217;ISO. Sur ce seul crit\u00e8re, dans les domaines g\u00e9r\u00e9s par l&#8217;UNM, la France se situe au deuxi\u00e8me rang europ\u00e9en et au troisi\u00e8me rang mondial. Nos parties prenantes connaissent l&#8217;influence de ces secr\u00e9tariats pour orienter les travaux.<br \/><br \/><\/li><li>Le troisi\u00e8me levier, c&#8217;est de booster notre capacit\u00e9 d&#8217;initiative normative, notamment sur les grands sujets de transformation num\u00e9rique et environnementale. En normalisation, celui qui tient la plume, qui est capable de construire une vision et de la proposer dans un texte, aura une influence consid\u00e9rable sur les futures normes. Sur des sujets nouveaux et complexes, nous devons nous organiser collectivement, avec les f\u00e9d\u00e9rations professionnelles, les centres techniques, les pouvoirs publics et les utilisateurs, pour \u00e9tablir des strat\u00e9gies de normalisation, sujet par sujet, quelles normes nous voulons d\u00e9velopper, pour y introduire quelles caract\u00e9ristiques, dans quel calendrier. Et assurer le pilotage de leur mise en \u0153uvre. Chaque commission de normalisation est souveraine, mais nous devons aider les professions \u00e0 d\u00e9velopper des solutions collectives. L&#8217;attente des entreprises et de la soci\u00e9t\u00e9 est tr\u00e8s forte : nous devons aller beaucoup plus vite. C&#8217;est notre ambition.<\/li><\/ol>\t\t\t\t\t\t\t\t<\/div>\n\t\t\t\t<\/div>\n\t\t\t\t\t<\/div>\n\t\t\t\t<\/div>\n\t\t\t\t<\/div>\n\t\t","protected":false},"excerpt":{"rendered":"<p>Un nouveau plan strat\u00e9gique a \u00e9t\u00e9 adopt\u00e9 par le Comit\u00e9 de direction de l&#8217;UNM. Objectif: mieux valoriser la normalisation comme levier essentiel, \u00e0 la disposition des parties prenantes, en r\u00e9ponse aux grands enjeux industriels et soci\u00e9taux. Explications avec Fr\u00e9d\u00e9ric DUCLOYER, directeur g\u00e9n\u00e9ral de l&#8217;UNM.<\/p>\n","protected":false},"author":8,"featured_media":58518,"comment_status":"closed","ping_status":"closed","sticky":false,"template":"","format":"standard","meta":{"date-de-webinaire":0,"heure-webinaire":"","duree-webinaire":"","lien-bouton-cta":"","footnotes":""},"categories":[42],"tags":[],"normes-associees":[],"thematique":[2897,88],"class_list":["post-58527","post","type-post","status-publish","format-standard","has-post-thumbnail","hentry","category-actualite","thematique-vie-de-lunm","thematique-vie-du-systeme-de-normalisation"],"_links":{"self":[{"href":"https:\/\/unm.fr\/en\/wp-json\/wp\/v2\/posts\/58527","targetHints":{"allow":["GET"]}}],"collection":[{"href":"https:\/\/unm.fr\/en\/wp-json\/wp\/v2\/posts"}],"about":[{"href":"https:\/\/unm.fr\/en\/wp-json\/wp\/v2\/types\/post"}],"author":[{"embeddable":true,"href":"https:\/\/unm.fr\/en\/wp-json\/wp\/v2\/users\/8"}],"replies":[{"embeddable":true,"href":"https:\/\/unm.fr\/en\/wp-json\/wp\/v2\/comments?post=58527"}],"version-history":[{"count":29,"href":"https:\/\/unm.fr\/en\/wp-json\/wp\/v2\/posts\/58527\/revisions"}],"predecessor-version":[{"id":72166,"href":"https:\/\/unm.fr\/en\/wp-json\/wp\/v2\/posts\/58527\/revisions\/72166"}],"wp:featuredmedia":[{"embeddable":true,"href":"https:\/\/unm.fr\/en\/wp-json\/wp\/v2\/media\/58518"}],"wp:attachment":[{"href":"https:\/\/unm.fr\/en\/wp-json\/wp\/v2\/media?parent=58527"}],"wp:term":[{"taxonomy":"category","embeddable":true,"href":"https:\/\/unm.fr\/en\/wp-json\/wp\/v2\/categories?post=58527"},{"taxonomy":"post_tag","embeddable":true,"href":"https:\/\/unm.fr\/en\/wp-json\/wp\/v2\/tags?post=58527"},{"taxonomy":"normes-associees","embeddable":true,"href":"https:\/\/unm.fr\/en\/wp-json\/wp\/v2\/normes-associees?post=58527"},{"taxonomy":"thematique","embeddable":true,"href":"https:\/\/unm.fr\/en\/wp-json\/wp\/v2\/thematique?post=58527"}],"curies":[{"name":"wp","href":"https:\/\/api.w.org\/{rel}","templated":true}]}}