{"id":57834,"date":"2022-06-01T17:19:58","date_gmt":"2022-06-01T16:19:58","guid":{"rendered":"https:\/\/unm.fr\/?p=57834"},"modified":"2023-01-31T18:40:38","modified_gmt":"2023-01-31T17:40:38","slug":"la-norme-et-ses-enjeux","status":"publish","type":"post","link":"https:\/\/unm.fr\/en\/news\/la-norme-et-ses-enjeux\/","title":{"rendered":"La norme et ses enjeux"},"content":{"rendered":"\t\t<div data-elementor-type=\"wp-post\" data-elementor-id=\"57834\" class=\"elementor elementor-57834\" data-elementor-post-type=\"post\">\n\t\t\t\t<div class=\"elementor-element elementor-element-b8d200e e-flex e-con-boxed e-con e-parent\" data-id=\"b8d200e\" data-element_type=\"container\" data-e-type=\"container\" data-settings=\"{&quot;jet_parallax_layout_list&quot;:[]}\">\n\t\t\t\t\t<div class=\"e-con-inner\">\n\t\t\t\t<div class=\"elementor-element elementor-element-9bbe156 elementor-widget elementor-widget-heading\" data-id=\"9bbe156\" data-element_type=\"widget\" data-e-type=\"widget\" data-widget_type=\"heading.default\">\n\t\t\t\t<div class=\"elementor-widget-container\">\n\t\t\t\t\t<h2 class=\"elementor-heading-title elementor-size-default\">La norme : un enjeu \u00e9conomique<\/h2>\t\t\t\t<\/div>\n\t\t\t\t<\/div>\n\t\t\t\t<div class=\"elementor-element elementor-element-afc976b elementor-widget elementor-widget-text-editor\" data-id=\"afc976b\" data-element_type=\"widget\" data-e-type=\"widget\" data-widget_type=\"text-editor.default\">\n\t\t\t\t<div class=\"elementor-widget-container\">\n\t\t\t\t\t\t\t\t\t<p style=\"font-weight: 400;\">La dynamique \u00e9conomique a toujours \u00e9t\u00e9 pouss\u00e9e par la volont\u00e9 de r\u00e9alisation d&#8217;\u00e9conomies qui peuvent \u00eatre des \u00e9conomies d&#8217;\u00e9chelle permises par la production de masse, des \u00e9conomies de gamme li\u00e9es \u00e0 la rationalisation de la production ou des \u00e9conomies de r\u00e9seau associ\u00e9es \u00e0 l&#8217;accroissement du nombre des adoptants d&#8217;une technologie donn\u00e9e. <br \/>Les normes constituent un syst\u00e8me de r\u00e9f\u00e9rence permettant une \u00e9valuation objective des produits ou services.<\/p><p style=\"font-weight: 400;\">Enjeu majeur pour la collectivit\u00e9, elle constitue un outil de dialogue entre les fabricants, leurs clients et les autres partenaires. Ceux-ci d\u00e9finissent en commun un vocabulaire, des dimensions, des caract\u00e9ristiques, des m\u00e9thodes d&#8217;essai, des r\u00e8gles techniques ou des crit\u00e8res de r\u00e9ception, qui facilitent les \u00e9changes, l&#8217;interchangeabilit\u00e9 des produits ou leur compatibilit\u00e9 et la r\u00e9duction de la vari\u00e9t\u00e9, source d&#8217;\u00e9conomies d&#8217;\u00e9chelle.<\/p><p style=\"font-weight: 400;\">Les syst\u00e8mes de management de la qualit\u00e9 conformes \u00e0 l&#8217;ISO 9001 ont renforc\u00e9 le r\u00e9f\u00e9rencement et le suivi des normes dans les entreprises.<\/p>\t\t\t\t\t\t\t\t<\/div>\n\t\t\t\t<\/div>\n\t\t\t\t<div class=\"elementor-element elementor-element-6d4d268 elementor-widget elementor-widget-heading\" data-id=\"6d4d268\" data-element_type=\"widget\" data-e-type=\"widget\" data-widget_type=\"heading.default\">\n\t\t\t\t<div class=\"elementor-widget-container\">\n\t\t\t\t\t<h2 class=\"elementor-heading-title elementor-size-default\">La norme : un enjeu soci\u00e9tal<\/h2>\t\t\t\t<\/div>\n\t\t\t\t<\/div>\n\t\t\t\t<div class=\"elementor-element elementor-element-12c53fc elementor-widget elementor-widget-text-editor\" data-id=\"12c53fc\" data-element_type=\"widget\" data-e-type=\"widget\" data-widget_type=\"text-editor.default\">\n\t\t\t\t<div class=\"elementor-widget-container\">\n\t\t\t\t\t\t\t\t\t<p style=\"font-weight: 400;\">Les th\u00e8mes majeurs d\u00e9velopp\u00e9s dans les normes refl\u00e8tent les pr\u00e9occupations sociales : protection du consommateur, accessibilit\u00e9 des handicap\u00e9s et personnes \u00e2g\u00e9es, s\u00e9curit\u00e9.<\/p><ul><li><u>Protection du consommateur<\/u> : les normes accompagnent le d\u00e9veloppement et le commerce de produits et services r\u00e9pondant aux objectifs de performance, de s\u00e9curit\u00e9, de qualit\u00e9 et de fiabilit\u00e9 des produits et services, en faveur du consommateur.<\/li><\/ul><p>\u00a0<\/p><ul><li><u>Accessibilit\u00e9<\/u> : La question de l&#8217;accessibilit\u00e9 a pris de l&#8217;importance compte tenu de la proportion croissante des personnes \u00e2g\u00e9es dans la population mondiale. Les normes apportent des r\u00e9ponses, tant pour les produits d&#8217;utilisation courante que sur les aspects li\u00e9s aux b\u00e2timents et aux technologies de l&#8217;information.<\/li><\/ul><p>\u00a0<\/p><ul><li><u>S\u00e9curit\u00e9<\/u> : La Commission europ\u00e9enne a recours aux normes comme appui \u00e0 la r\u00e9glementation et aux Directives pour garantir l&#8217;am\u00e9lioration de la s\u00e9curit\u00e9 des produits.<\/li><\/ul><p>\u00a0<\/p><p style=\"font-weight: 400;\">Le processus Nouvelle Approche mis en place par la Commission Europ\u00e9enne a pour double objectif de faciliter la libre circulation des produits au sein de l&#8217;Europe et d&#8217;\u00e9viter les entraves aux \u00e9changes tout en maintenant le niveau de s\u00e9curit\u00e9 attendu.<\/p><p style=\"font-weight: 400;\">La Commission Europ\u00e9enne a promulgu\u00e9 des Directives d\u00e9finissant des objectifs \u00e0 atteindre en terme de performances, nuisances, s\u00e9curit\u00e9 , \u00e0 travers des exigences essentielles (r\u00e8gles \u00e0 respecter pour la mise sur le march\u00e9) et a laiss\u00e9 aux acteurs \u00e9conomiques, \u00e0 travers les normes, le soin de d\u00e9finir les voies et les moyens par lesquels les objectifs sont atteints. <br \/>La normalisation dans les domaines de la s\u00e9curit\u00e9 des machines et des \u00e9quipements sous pression s&#8217;inscrit dans cette d\u00e9marche.<\/p>\t\t\t\t\t\t\t\t<\/div>\n\t\t\t\t<\/div>\n\t\t\t\t<div class=\"elementor-element elementor-element-f3e94e9 elementor-widget elementor-widget-heading\" data-id=\"f3e94e9\" data-element_type=\"widget\" data-e-type=\"widget\" data-widget_type=\"heading.default\">\n\t\t\t\t<div class=\"elementor-widget-container\">\n\t\t\t\t\t<h2 class=\"elementor-heading-title elementor-size-default\">La norme : un enjeu environnemental<\/h2>\t\t\t\t<\/div>\n\t\t\t\t<\/div>\n\t\t\t\t<div class=\"elementor-element elementor-element-6701903 elementor-widget elementor-widget-text-editor\" data-id=\"6701903\" data-element_type=\"widget\" data-e-type=\"widget\" data-widget_type=\"text-editor.default\">\n\t\t\t\t<div class=\"elementor-widget-container\">\n\t\t\t\t\t\t\t\t\t<p style=\"font-weight: 400;\">En pleine prise de conscience environnementale, le virage est amorc\u00e9 pour lutter contre l&#8217;urgence climatique. Produire moins et mieux, pr\u00e9server les \u00eatres vivants des effets du r\u00e9chauffement climatique, r\u00e9utiliser les d\u00e9chets, fournir des biens et des services assurant au maximum de personnes un confort mat\u00e9riel du plus haut niveau, tout en pr\u00e9servant les ressources limit\u00e9es de la plan\u00e8te et en prot\u00e9geant l&#8217;environnement naturel global.<\/p><p style=\"font-weight: 400;\">Les initiatives nationales, europ\u00e9ennes, mondiales se d\u00e9veloppent.<\/p><p style=\"font-weight: 400;\">Les industries m\u00e9caniques, fournisseur de la plupart des fili\u00e8res \u00e9conomiques, sont au c\u0153ur de ces d\u00e9marches. Elles mettent en \u0153uvre pour leur usage des proc\u00e9d\u00e9s propres et elles d\u00e9veloppent des solutions innovantes pour l&#8217;ensemble de l&#8217;industrie : r\u00e9duction de la consommation d&#8217;eau et d&#8217;\u00e9nergie, de r\u00e9duction des \u00e9missions polluantes ou de d\u00e9veloppement des \u00e9nergies renouvelables.<\/p><p style=\"font-weight: 400;\">La normalisation participe \u00e0 ce d\u00e9ploiement en fournissant des textes sur le management de l&#8217;environnement, le management de l&#8217;\u00e9nergie, les audits \u00e9nerg\u00e9tiques, l&#8217;affichage environnemental, l&#8217;efficacit\u00e9 \u00e9nerg\u00e9tique, l\u2019\u00e9conomie circulaire ou encore l&#8217;\u00e9coconception.<\/p><p style=\"font-weight: 400;\">Sur ces sujets particuli\u00e8rement, la normalisation doit acc\u00e9l\u00e9rer le d\u00e9ploiement et l\u2019appropriation par les acteurs des solutions innovantes, et contribuer \u00e0 la structuration de la fili\u00e8re.<\/p>\t\t\t\t\t\t\t\t<\/div>\n\t\t\t\t<\/div>\n\t\t\t\t<div class=\"elementor-element elementor-element-5ecfc9d elementor-widget-divider--view-line elementor-widget elementor-widget-divider\" data-id=\"5ecfc9d\" data-element_type=\"widget\" data-e-type=\"widget\" data-widget_type=\"divider.default\">\n\t\t\t\t<div class=\"elementor-widget-container\">\n\t\t\t\t\t\t\t<div class=\"elementor-divider\">\n\t\t\t<span class=\"elementor-divider-separator\">\n\t\t\t\t\t\t<\/span>\n\t\t<\/div>\n\t\t\t\t\t\t<\/div>\n\t\t\t\t<\/div>\n\t\t\t\t\t<\/div>\n\t\t\t\t<\/div>\n\t\t<div class=\"elementor-element elementor-element-eaed0fd e-flex e-con-boxed e-con e-parent\" data-id=\"eaed0fd\" data-element_type=\"container\" data-e-type=\"container\" data-settings=\"{&quot;background_background&quot;:&quot;classic&quot;,&quot;jet_parallax_layout_list&quot;:[]}\">\n\t\t\t\t\t<div class=\"e-con-inner\">\n\t\t\t\t<div class=\"elementor-element elementor-element-9e526ce elementor-widget elementor-widget-text-editor\" data-id=\"9e526ce\" data-element_type=\"widget\" data-e-type=\"widget\" data-widget_type=\"text-editor.default\">\n\t\t\t\t<div class=\"elementor-widget-container\">\n\t\t\t\t\t\t\t\t\t<div class=\"elementor-element elementor-element-e7aaa23 elementor-widget elementor-widget-heading is-mac\" data-id=\"e7aaa23\" data-element_type=\"widget\" data-widget_type=\"heading.default\"><h4 class=\"elementor-widget-container\">Pour aller plus loin sur les normes et la normalisation :<\/h4><\/div><div class=\"elementor-element elementor-element-deb6642 elementor-widget elementor-widget-text-editor is-mac\" data-id=\"deb6642\" data-element_type=\"widget\" data-widget_type=\"text-editor.default\"><div class=\"elementor-widget-container\"><p><a href=\"https:\/\/unm.fr\/actualite\/la-norme-un-document-de-reference\/\" target=\"_blank\" rel=\"noopener\">La norme, un document de r\u00e9f\u00e9rence \u2013 l\u2019utilisation de norme dans les contrats, les march\u00e9s publics et la r\u00e9glementation<\/a><\/p><p><a href=\"https:\/\/unm.fr\/actualite\/lelaboration-dune-norme\/\" target=\"_blank\" rel=\"noopener\">Le processus d\u2019\u00e9laboration d\u2019une norme<\/a><\/p><p><a href=\"https:\/\/unm.fr\/actualite\/limpact-juridique-des-normes\/\" target=\"_blank\" rel=\"noopener\">L\u2019impact juridique des normes<\/a><\/p><\/div><\/div>\t\t\t\t\t\t\t\t<\/div>\n\t\t\t\t<\/div>\n\t\t\t\t\t<\/div>\n\t\t\t\t<\/div>\n\t\t\t\t<\/div>\n\t\t","protected":false},"excerpt":{"rendered":"<p>La norme est au coeur des principaux enjeux du moment : \u00e9conomique, soci\u00e9tal et environnemental. <\/p>\n","protected":false},"author":7,"featured_media":57840,"comment_status":"closed","ping_status":"closed","sticky":false,"template":"","format":"standard","meta":{"date-de-webinaire":0,"heure-webinaire":"","duree-webinaire":"","lien-bouton-cta":"","footnotes":""},"categories":[42],"tags":[],"normes-associees":[],"thematique":[88],"class_list":["post-57834","post","type-post","status-publish","format-standard","has-post-thumbnail","hentry","category-actualite","thematique-vie-du-systeme-de-normalisation"],"_links":{"self":[{"href":"https:\/\/unm.fr\/en\/wp-json\/wp\/v2\/posts\/57834","targetHints":{"allow":["GET"]}}],"collection":[{"href":"https:\/\/unm.fr\/en\/wp-json\/wp\/v2\/posts"}],"about":[{"href":"https:\/\/unm.fr\/en\/wp-json\/wp\/v2\/types\/post"}],"author":[{"embeddable":true,"href":"https:\/\/unm.fr\/en\/wp-json\/wp\/v2\/users\/7"}],"replies":[{"embeddable":true,"href":"https:\/\/unm.fr\/en\/wp-json\/wp\/v2\/comments?post=57834"}],"version-history":[{"count":30,"href":"https:\/\/unm.fr\/en\/wp-json\/wp\/v2\/posts\/57834\/revisions"}],"predecessor-version":[{"id":57921,"href":"https:\/\/unm.fr\/en\/wp-json\/wp\/v2\/posts\/57834\/revisions\/57921"}],"wp:featuredmedia":[{"embeddable":true,"href":"https:\/\/unm.fr\/en\/wp-json\/wp\/v2\/media\/57840"}],"wp:attachment":[{"href":"https:\/\/unm.fr\/en\/wp-json\/wp\/v2\/media?parent=57834"}],"wp:term":[{"taxonomy":"category","embeddable":true,"href":"https:\/\/unm.fr\/en\/wp-json\/wp\/v2\/categories?post=57834"},{"taxonomy":"post_tag","embeddable":true,"href":"https:\/\/unm.fr\/en\/wp-json\/wp\/v2\/tags?post=57834"},{"taxonomy":"normes-associees","embeddable":true,"href":"https:\/\/unm.fr\/en\/wp-json\/wp\/v2\/normes-associees?post=57834"},{"taxonomy":"thematique","embeddable":true,"href":"https:\/\/unm.fr\/en\/wp-json\/wp\/v2\/thematique?post=57834"}],"curies":[{"name":"wp","href":"https:\/\/api.w.org\/{rel}","templated":true}]}}