{"id":57778,"date":"2022-05-01T15:51:49","date_gmt":"2022-05-01T14:51:49","guid":{"rendered":"https:\/\/unm.fr\/?p=57778"},"modified":"2023-01-31T18:39:41","modified_gmt":"2023-01-31T17:39:41","slug":"limpact-juridique-des-normes","status":"publish","type":"post","link":"https:\/\/unm.fr\/en\/news\/limpact-juridique-des-normes\/","title":{"rendered":"L&#8217;impact juridique des normes"},"content":{"rendered":"\t\t<div data-elementor-type=\"wp-post\" data-elementor-id=\"57778\" class=\"elementor elementor-57778\" data-elementor-post-type=\"post\">\n\t\t\t\t<div class=\"elementor-element elementor-element-0478f02 e-flex e-con-boxed e-con e-parent\" data-id=\"0478f02\" data-element_type=\"container\" data-e-type=\"container\" data-settings=\"{&quot;jet_parallax_layout_list&quot;:[]}\">\n\t\t\t\t\t<div class=\"e-con-inner\">\n\t\t\t\t<div class=\"elementor-element elementor-element-04e9104 elementor-widget elementor-widget-heading\" data-id=\"04e9104\" data-element_type=\"widget\" data-e-type=\"widget\" data-widget_type=\"heading.default\">\n\t\t\t\t<div class=\"elementor-widget-container\">\n\t\t\t\t\t<h2 class=\"elementor-heading-title elementor-size-default\">Caract\u00e8re contraignant des normes techniques<\/h2>\t\t\t\t<\/div>\n\t\t\t\t<\/div>\n\t\t\t\t<div class=\"elementor-element elementor-element-cbd4166 elementor-widget elementor-widget-text-editor\" data-id=\"cbd4166\" data-element_type=\"widget\" data-e-type=\"widget\" data-widget_type=\"text-editor.default\">\n\t\t\t\t<div class=\"elementor-widget-container\">\n\t\t\t\t\t\t\t\t\t<p style=\"font-weight: 400;\">Les normes rel\u00e8vent des r\u00e8gles du droit commun : elles sont \u00e9labor\u00e9es par une entit\u00e9 de droit priv\u00e9 (AFNOR et les bureaux de normalisation d\u00e9l\u00e9gu\u00e9s) avec mission de service public mais sans pouvoir r\u00e9glementaire. L&#8217;application des normes n&#8217;est donc pas obligatoire, sauf en cas de renvoi explicite \u00e0 une norme dans la r\u00e9glementation.<\/p><p style=\"font-weight: 400;\">Certaines normes rev\u00eatent par nature un caract\u00e8re plus contraignant que d&#8217;autres : ce sont les normes de vocabulaire et de m\u00e9thodes de mesure, sur lesquelles reposent la loyaut\u00e9 des transactions : elles fixent le langage vis-\u00e0-vis de client final, ou permettent d&#8217;appr\u00e9cier le d\u00e9passement d&#8217;un seuil, et deviennent de ce fait une r\u00e8gle quasi-incontournable, mais non obligatoire r\u00e9glementairement.<\/p>\t\t\t\t\t\t\t\t<\/div>\n\t\t\t\t<\/div>\n\t\t\t\t<div class=\"elementor-element elementor-element-e69fd75 elementor-widget elementor-widget-heading\" data-id=\"e69fd75\" data-element_type=\"widget\" data-e-type=\"widget\" data-widget_type=\"heading.default\">\n\t\t\t\t<div class=\"elementor-widget-container\">\n\t\t\t\t\t<h2 class=\"elementor-heading-title elementor-size-default\">Norme et responsabilit\u00e9<\/h2>\t\t\t\t<\/div>\n\t\t\t\t<\/div>\n\t\t\t\t<div class=\"elementor-element elementor-element-880de65 elementor-widget elementor-widget-text-editor\" data-id=\"880de65\" data-element_type=\"widget\" data-e-type=\"widget\" data-widget_type=\"text-editor.default\">\n\t\t\t\t<div class=\"elementor-widget-container\">\n\t\t\t\t\t\t\t\t\t<p style=\"font-weight: 400;\">Les manquements \u00e0 une r\u00e9glementation technique peuvent \u00eatre sanctionn\u00e9s. Le non-respect d&#8217;une norme (dont l&#8217;application n&#8217;est pas rendue obligatoire par voie r\u00e9glementaire ou contractuelle) n&#8217;est ni une faute, ni une preuve de mauvaise foi.<\/p><p style=\"font-weight: 400;\">Le d\u00e9faut de s\u00e9curit\u00e9 d&#8217;un produit peut engager la responsabilit\u00e9 du fabricant. La technique judiciaire du &#8220;faisceau d&#8217;indices\u00bb recherche l&#8217;\u00e9tat de l&#8217;art pour appr\u00e9cier cette responsabilit\u00e9. Quand il existe une norme sur le sujet, c&#8217;est un instrument pr\u00e9cieux dans cette recherche, aux c\u00f4t\u00e9s d&#8217;autres documents de r\u00e9f\u00e9rence (codes professionnels, travaux scientifiques, publications).<\/p>\t\t\t\t\t\t\t\t<\/div>\n\t\t\t\t<\/div>\n\t\t\t\t<div class=\"elementor-element elementor-element-9bd23c8 elementor-widget elementor-widget-heading\" data-id=\"9bd23c8\" data-element_type=\"widget\" data-e-type=\"widget\" data-widget_type=\"heading.default\">\n\t\t\t\t<div class=\"elementor-widget-container\">\n\t\t\t\t\t<h2 class=\"elementor-heading-title elementor-size-default\">Norme et brevet<\/h2>\t\t\t\t<\/div>\n\t\t\t\t<\/div>\n\t\t\t\t<div class=\"elementor-element elementor-element-5fa2b88 elementor-widget elementor-widget-text-editor\" data-id=\"5fa2b88\" data-element_type=\"widget\" data-e-type=\"widget\" data-widget_type=\"text-editor.default\">\n\t\t\t\t<div class=\"elementor-widget-container\">\n\t\t\t\t\t\t\t\t\t<p style=\"font-weight: 400;\">La normalisation et la propri\u00e9t\u00e9 intellectuelle ont un objectif commun, inscrit dans les textes r\u00e8glementaires : favoriser le d\u00e9veloppement et la diffusion de l&#8217;innovation. La premi\u00e8re s&#8217;inscrit dans une logique d&#8217;ouverture des march\u00e9s, la seconde est souvent limit\u00e9e \u00e0 la protection des avantages comp\u00e9titifs. La propri\u00e9t\u00e9 intellectuelle va contribuer \u00e0 la comp\u00e9titivit\u00e9 des entreprises en leur permettant de tirer un avantage de leurs efforts de cr\u00e9ativit\u00e9 et d&#8217;innovation. La normalisation accorde une priorit\u00e9 pour les actions collectives permettant aux entreprises innovantes d&#8217;acc\u00e9der \u00e0 un march\u00e9 structur\u00e9 autour de la s\u00e9curit\u00e9 des consommateurs et l&#8217;interop\u00e9rabilit\u00e9 des produits et services.<\/p><p style=\"font-weight: 400;\">La DGCIS (Direction g\u00e9n\u00e9rale de la comp\u00e9titivit\u00e9 de l&#8217;industrie et des services) du Minist\u00e8re de l&#8217;industrie a mis au point un guide intitul\u00e9 \u00ab PME : pensez \u00e0 allier propri\u00e9t\u00e9 intellectuelle et normalisation ! \u00bb<br \/><a href=\"http:\/\/www.industrie.gouv.fr\/enjeux\/guide-pi-normalisation.pdf\" target=\"_blank\" rel=\"noopener\">Cliquez ici\u00a0pour t\u00e9l\u00e9charger le guide<\/a><\/p><p style=\"font-weight: 400;\">En outre, la normalisation n&#8217;abolit pas les droits de propri\u00e9t\u00e9 intellectuelle. Si le recours \u00e0 des \u00e9l\u00e9ments couverts par des brevets ne peut \u00eatre \u00e9vit\u00e9 dans une norme, il faut obtenir une d\u00e9claration du d\u00e9tenteur du brevet qu&#8217;il consent \u00e0 n\u00e9gocier des licences pour le monde entier dans des termes et conditions raisonnables et non discriminatoires. De m\u00eame, l&#8217;emploi d&#8217;appellations commerciales (marques d\u00e9pos\u00e9es) pour un produit particulier doit \u00eatre accompagn\u00e9 d&#8217;avertissements, m\u00eame si ces appellations sont pass\u00e9es dans le langage courant.<\/p>\t\t\t\t\t\t\t\t<\/div>\n\t\t\t\t<\/div>\n\t\t\t\t<div class=\"elementor-element elementor-element-7b2ff5c elementor-widget-divider--view-line elementor-widget elementor-widget-divider\" data-id=\"7b2ff5c\" data-element_type=\"widget\" data-e-type=\"widget\" data-widget_type=\"divider.default\">\n\t\t\t\t<div class=\"elementor-widget-container\">\n\t\t\t\t\t\t\t<div class=\"elementor-divider\">\n\t\t\t<span class=\"elementor-divider-separator\">\n\t\t\t\t\t\t<\/span>\n\t\t<\/div>\n\t\t\t\t\t\t<\/div>\n\t\t\t\t<\/div>\n\t\t\t\t<div class=\"elementor-element elementor-element-d13254f elementor-widget elementor-widget-text-editor\" data-id=\"d13254f\" data-element_type=\"widget\" data-e-type=\"widget\" data-widget_type=\"text-editor.default\">\n\t\t\t\t<div class=\"elementor-widget-container\">\n\t\t\t\t\t\t\t\t\t<div class=\"elementor-element elementor-element-e7aaa23 elementor-widget elementor-widget-heading is-mac\" data-id=\"e7aaa23\" data-element_type=\"widget\" data-widget_type=\"heading.default\"><h4 class=\"elementor-widget-container\">Pour aller plus loin sur les normes et la normalisation :<\/h4><\/div><div class=\"elementor-element elementor-element-deb6642 elementor-widget elementor-widget-text-editor is-mac\" data-id=\"deb6642\" data-element_type=\"widget\" data-widget_type=\"text-editor.default\"><div class=\"elementor-widget-container\"><p><a href=\"https:\/\/unm.fr\/actualite\/la-norme-un-document-de-reference\/\" target=\"_blank\" rel=\"noopener\">La norme, un document de r\u00e9f\u00e9rence \u2013 l\u2019utilisation de norme dans les contrats, les march\u00e9s publics et la r\u00e9glementation<\/a><\/p><p><a href=\"https:\/\/unm.fr\/actualite\/lelaboration-dune-norme\/\" target=\"_blank\" rel=\"noopener\">Le processus d\u2019\u00e9laboration d\u2019une norme<\/a><\/p><p><a href=\"https:\/\/unm.fr\/actualite\/la-norme-et-ses-enjeux\/\" target=\"_blank\" rel=\"noopener\">La norme et ses enjeux \u2013 \u00e9conomique, soci\u00e9tal et environnemental<\/a><\/p><\/div><\/div>\t\t\t\t\t\t\t\t<\/div>\n\t\t\t\t<\/div>\n\t\t\t\t\t<\/div>\n\t\t\t\t<\/div>\n\t\t\t\t<\/div>\n\t\t","protected":false},"excerpt":{"rendered":"<p>La norme est un document de r\u00e9f\u00e9rence, utilis\u00e9 dans les contrats, la r\u00e9glementation, le r\u00e8glement des contentieux, les tribunaux. Qu&#8217;en est-il de sa port\u00e9e juridique ?<\/p>\n","protected":false},"author":7,"featured_media":57792,"comment_status":"closed","ping_status":"closed","sticky":false,"template":"","format":"standard","meta":{"date-de-webinaire":0,"heure-webinaire":"","duree-webinaire":"","lien-bouton-cta":"","footnotes":""},"categories":[42],"tags":[],"normes-associees":[],"thematique":[88],"class_list":["post-57778","post","type-post","status-publish","format-standard","has-post-thumbnail","hentry","category-actualite","thematique-vie-du-systeme-de-normalisation"],"_links":{"self":[{"href":"https:\/\/unm.fr\/en\/wp-json\/wp\/v2\/posts\/57778","targetHints":{"allow":["GET"]}}],"collection":[{"href":"https:\/\/unm.fr\/en\/wp-json\/wp\/v2\/posts"}],"about":[{"href":"https:\/\/unm.fr\/en\/wp-json\/wp\/v2\/types\/post"}],"author":[{"embeddable":true,"href":"https:\/\/unm.fr\/en\/wp-json\/wp\/v2\/users\/7"}],"replies":[{"embeddable":true,"href":"https:\/\/unm.fr\/en\/wp-json\/wp\/v2\/comments?post=57778"}],"version-history":[{"count":15,"href":"https:\/\/unm.fr\/en\/wp-json\/wp\/v2\/posts\/57778\/revisions"}],"predecessor-version":[{"id":57918,"href":"https:\/\/unm.fr\/en\/wp-json\/wp\/v2\/posts\/57778\/revisions\/57918"}],"wp:featuredmedia":[{"embeddable":true,"href":"https:\/\/unm.fr\/en\/wp-json\/wp\/v2\/media\/57792"}],"wp:attachment":[{"href":"https:\/\/unm.fr\/en\/wp-json\/wp\/v2\/media?parent=57778"}],"wp:term":[{"taxonomy":"category","embeddable":true,"href":"https:\/\/unm.fr\/en\/wp-json\/wp\/v2\/categories?post=57778"},{"taxonomy":"post_tag","embeddable":true,"href":"https:\/\/unm.fr\/en\/wp-json\/wp\/v2\/tags?post=57778"},{"taxonomy":"normes-associees","embeddable":true,"href":"https:\/\/unm.fr\/en\/wp-json\/wp\/v2\/normes-associees?post=57778"},{"taxonomy":"thematique","embeddable":true,"href":"https:\/\/unm.fr\/en\/wp-json\/wp\/v2\/thematique?post=57778"}],"curies":[{"name":"wp","href":"https:\/\/api.w.org\/{rel}","templated":true}]}}