{"id":57376,"date":"2022-11-08T16:31:36","date_gmt":"2022-11-08T15:31:36","guid":{"rendered":"https:\/\/unm.fr\/?p=57376"},"modified":"2023-01-19T16:45:44","modified_gmt":"2023-01-19T15:45:44","slug":"reglement-des-produits-de-la-construction-rpc","status":"publish","type":"post","link":"https:\/\/unm.fr\/en\/news\/reglement-des-produits-de-la-construction-rpc\/","title":{"rendered":"R\u00e8glement des Produits de la Construction (RPC)"},"content":{"rendered":"\t\t<div data-elementor-type=\"wp-post\" data-elementor-id=\"57376\" class=\"elementor elementor-57376\" data-elementor-post-type=\"post\">\n\t\t\t\t<div class=\"elementor-element elementor-element-8275900 e-flex e-con-boxed e-con e-parent\" data-id=\"8275900\" data-element_type=\"container\" data-e-type=\"container\" data-settings=\"{&quot;jet_parallax_layout_list&quot;:[]}\">\n\t\t\t\t\t<div class=\"e-con-inner\">\n\t\t\t\t<div class=\"elementor-element elementor-element-bc4f176 elementor-widget elementor-widget-text-editor\" data-id=\"bc4f176\" data-element_type=\"widget\" data-e-type=\"widget\" data-widget_type=\"text-editor.default\">\n\t\t\t\t<div class=\"elementor-widget-container\">\n\t\t\t\t\t\t\t\t\t<p>Consid\u00e9rant qu&#8217;aucune norme harmonis\u00e9e sous RPC n&#8217;a pu \u00eatre cit\u00e9e ces 5 derni\u00e8res ann\u00e9es (notamment pour cause de Demande de normalisation obsol\u00e8te), que le nouveau RPC ne sera publi\u00e9 au mieux que d&#8217;ici 18 mois, la Commission Europ\u00e9enne ne pouvait attendre cette derni\u00e8re pour engager les travaux des Demandes de normalisation.<\/p><p>4 groupes de travail (sur un total de 34) ont d\u00e9marr\u00e9 leurs travaux, parmi lesquels deux sont particuli\u00e8rement suivis par l&#8217;UNM : un premier groupe en charge des produits de structures m\u00e9talliques et un second en charge des portes, fen\u00eatres et quincaillerie.<\/p><p>L&#8217;ensemble des parties prenantes sont associ\u00e9es \u00e0 ces travaux : les Etats Membres en particulier, sont en premi\u00e8re ligne pour exprimer l&#8217;ensemble des exigences r\u00e9glementaires nationales relatives aux produits. L'&#8221;harmonisation&#8221; (via des normes dites harmonis\u00e9es) de ces r\u00e9glementations nationales est en effet l&#8217;outil principale de la Commission pour lever les barri\u00e8res \u00e0 la libre circulation des produits et construire le March\u00e9 int\u00e9rieur europ\u00e9en.<\/p><p>Bien entendu, les industriels y sont \u00e9galement repr\u00e9sent\u00e9s: soit au nom des Comit\u00e9s techniques du CEN, soit nomm\u00e9s par leurs organisations professionnelles europ\u00e9ennes, soit encore mandat\u00e9s par leur Etat Membre.<\/p><p>Une m\u00e9thode de travail a \u00e9t\u00e9 \u00e9labor\u00e9e avec un objectif : livrer \u00e0 la Commission Europ\u00e9enne une proposition de Demande de Normalisation sous 18 mois.<\/p><p>La t\u00e2che s&#8217;annonce ambitieuse : les groupes de travail devront, au fur et \u00e0 mesure et de mani\u00e8re it\u00e9rative, int\u00e9grer des \u00e9l\u00e9ments issus de groupes de travail transverses relatifs notamment aux nouvelles exigences environnementales. Et encore, tenir compte des arbitrages politiques entre Commission, Conseil et Parlement Europ\u00e9en relatifs au projet de RPC : le projet de la Commission a en effet fait l&#8217;objet de vives r\u00e9actions et son contenu -c&#8217;est un euph\u00e9misme- est loin d&#8217;\u00eatre stabilis\u00e9.<\/p><p>Face aux attentes tr\u00e8s \u00e9lev\u00e9es des parties prenantes, leur exigence et leur exasp\u00e9ration parfois, les repr\u00e9sentants de la Commission Europ\u00e9enne ont montr\u00e9 lors de ces premi\u00e8res r\u00e9unions un visage r\u00e9solu mais aussi pragmatique. Parce qu&#8217;il s&#8217;agit d&#8217;abord de r\u00e9tablir la confiance.<\/p>\t\t\t\t\t\t\t\t<\/div>\n\t\t\t\t<\/div>\n\t\t\t\t\t<\/div>\n\t\t\t\t<\/div>\n\t\t\t\t<\/div>\n\t\t","protected":false},"excerpt":{"rendered":"<p>Dans la perspective de la r\u00e9vision du RPC, la Commission Europ\u00e9enne doit \u00e9laborer 34 nouvelles Demandes de normalisation, couvrant l&#8217;ensemble des produits de la construction.<\/p>\n","protected":false},"author":7,"featured_media":57383,"comment_status":"closed","ping_status":"closed","sticky":false,"template":"","format":"standard","meta":{"date-de-webinaire":0,"heure-webinaire":"","duree-webinaire":"","lien-bouton-cta":"","footnotes":""},"categories":[42],"tags":[],"normes-associees":[],"thematique":[86,88],"class_list":["post-57376","post","type-post","status-publish","format-standard","has-post-thumbnail","hentry","category-actualite","thematique-composants-et-pieces-mecaniques","thematique-vie-du-systeme-de-normalisation"],"_links":{"self":[{"href":"https:\/\/unm.fr\/en\/wp-json\/wp\/v2\/posts\/57376","targetHints":{"allow":["GET"]}}],"collection":[{"href":"https:\/\/unm.fr\/en\/wp-json\/wp\/v2\/posts"}],"about":[{"href":"https:\/\/unm.fr\/en\/wp-json\/wp\/v2\/types\/post"}],"author":[{"embeddable":true,"href":"https:\/\/unm.fr\/en\/wp-json\/wp\/v2\/users\/7"}],"replies":[{"embeddable":true,"href":"https:\/\/unm.fr\/en\/wp-json\/wp\/v2\/comments?post=57376"}],"version-history":[{"count":9,"href":"https:\/\/unm.fr\/en\/wp-json\/wp\/v2\/posts\/57376\/revisions"}],"predecessor-version":[{"id":57395,"href":"https:\/\/unm.fr\/en\/wp-json\/wp\/v2\/posts\/57376\/revisions\/57395"}],"wp:featuredmedia":[{"embeddable":true,"href":"https:\/\/unm.fr\/en\/wp-json\/wp\/v2\/media\/57383"}],"wp:attachment":[{"href":"https:\/\/unm.fr\/en\/wp-json\/wp\/v2\/media?parent=57376"}],"wp:term":[{"taxonomy":"category","embeddable":true,"href":"https:\/\/unm.fr\/en\/wp-json\/wp\/v2\/categories?post=57376"},{"taxonomy":"post_tag","embeddable":true,"href":"https:\/\/unm.fr\/en\/wp-json\/wp\/v2\/tags?post=57376"},{"taxonomy":"normes-associees","embeddable":true,"href":"https:\/\/unm.fr\/en\/wp-json\/wp\/v2\/normes-associees?post=57376"},{"taxonomy":"thematique","embeddable":true,"href":"https:\/\/unm.fr\/en\/wp-json\/wp\/v2\/thematique?post=57376"}],"curies":[{"name":"wp","href":"https:\/\/api.w.org\/{rel}","templated":true}]}}