{"id":55788,"date":"2019-03-24T00:00:00","date_gmt":"2019-03-23T22:00:00","guid":{"rendered":"https:\/\/unm.fr\/non-classifiee\/nf-iso-11901\/"},"modified":"2022-12-02T16:43:49","modified_gmt":"2022-12-02T14:43:49","slug":"nf-iso-11901","status":"publish","type":"post","link":"https:\/\/unm.fr\/en\/focus-norme\/nf-iso-11901\/","title":{"rendered":"NF ISO 11901-2 Ressorts \u00e0 gaz pour outillage de presse"},"content":{"rendered":"<p>La version de 2004 de la norme NF ISO 11901-2 sp\u00e9cifiait les accessoires n\u00e9cessaires pour le montage des ressorts \u00e0 gaz destin\u00e9s \u00e0 \u00eatre utilis\u00e9s dans les outillages de presse qui sont pour leur part d\u00e9finis dans la partie 1 de la norme.<\/p>\n<p style=\"text-align: justify;\">La parution en 2014 des deux nouvelles parties pour les ressorts \u00e0 gaz dits compacts &#8220;\u00e0 force accrue \u00e0 faible encombrement en hauteur&#8221; (partie 3) et &#8220;\u00e0 m\u00eame encombrement en hauteur&#8221; (partie 4) a alors motiv\u00e9 la r\u00e9vision de la partie 2.<\/p>\n<p style=\"text-align: justify;\">C&#8217;est chose faite, la version 2018 de la NF ISO 11901-2 est publi\u00e9e. Elle s&#8217;adresse aux constructeurs et aux utilisateurs des ressorts \u00e0 gaz. Elle fixe les caract\u00e9ristiques dimensionnelles d&#8217;interchangeabilit\u00e9.<\/p>\n<p style=\"text-align: justify;\">Elle int\u00e8gre de fait les accessoires pour ressorts \u00e0 gaz faisant l&#8217;objet des parties 3 et 4 de la s\u00e9rie de norme et modifie la d\u00e9signation des accessoires. Il a ainsi \u00e9t\u00e9 n\u00e9cessaire d&#8217;\u00e9largir la gamme des dimensions des accessoires existants, et \u00e9galement de compl\u00e9ter la gamme de ceux-ci par un nouveau type de support avant.<\/p>\n<p style=\"text-align: justify;\">En marge de ces modifications majeures, la d\u00e9signation des accessoires a \u00e9galement \u00e9t\u00e9 modifi\u00e9e afin qu&#8217;elle soit compatible avec les 3 autres parties de la s\u00e9rie. Ainsi la d\u00e9signation du type de ressort a \u00e9t\u00e9 remplac\u00e9e par celle de diam\u00e8tre du ressort \u00e0 gaz.<\/p>\n<p style=\"text-align: justify;\">Le comit\u00e9 international ISO\/TC 29\/SC 8, \u00e0 pr\u00e9sidence fran\u00e7aise, envisage de compl\u00e9ter cette norme par une nouvelle partie qui traitera d&#8217;instructions de s\u00e9curit\u00e9.<\/p>\n<p style=\"text-align: justify;\">\n<p style=\"text-align: justify;\">Cr\u00e9dit photo : MDL<\/p>\n<p style=\"text-align: justify;\">Ces travaux vous int\u00e9ressent, <a href=\"\/contact\">contactez-nous.<\/a><\/p>\n<p>Pour acheter la norme : <a href=\"https:\/\/www.boutique.afnor.org\/norme\/nf-iso-11901-2\/outillage-de-presse-ressorts-a-gaz-partie-2-specifications-des-accessoires\/article\/907834\/fa192822?utm_source=UNM&amp;utm_medium=lien-texte&amp;utm_campaign=AffiliationUNM\" target=\"_blank\" rel=\"noopener\">NF ISO 11901-2<\/a>.<\/p>\n<p>Pour visualiser un extrait de la norme : <a href=\"https:\/\/www.boutique.afnor.org\/xml\/redirection\/1973474?utm_source=UNM&amp;utm_medium=lien-texte&amp;utm_campaign=AffiliationUNM\" target=\"_blank\" rel=\"noopener\">NF ISO 11901-2<\/a>.<\/p>\n","protected":false},"excerpt":{"rendered":"<p>La version de 2004 de la norme NF ISO 11901-2 sp\u00e9cifiait les accessoires n\u00e9cessaires pour le montage des ressorts \u00e0 gaz destin\u00e9s \u00e0 \u00eatre utilis\u00e9s dans les outillages de presse qui sont pour leur part d\u00e9finis dans la partie 1 de la norme. La parution en 2014 des deux nouvelles parties pour les ressorts \u00e0 [&hellip;]<\/p>\n","protected":false},"author":7,"featured_media":56498,"comment_status":"closed","ping_status":"open","sticky":false,"template":"","format":"standard","meta":{"date-de-webinaire":0,"heure-webinaire":"","duree-webinaire":"","lien-bouton-cta":"","footnotes":""},"categories":[38],"tags":[],"normes-associees":[3130],"thematique":[86],"class_list":["post-55788","post","type-post","status-publish","format-standard","has-post-thumbnail","hentry","category-focus-norme","normes-associees-iso-11901-serie","thematique-composants-et-pieces-mecaniques"],"_links":{"self":[{"href":"https:\/\/unm.fr\/en\/wp-json\/wp\/v2\/posts\/55788","targetHints":{"allow":["GET"]}}],"collection":[{"href":"https:\/\/unm.fr\/en\/wp-json\/wp\/v2\/posts"}],"about":[{"href":"https:\/\/unm.fr\/en\/wp-json\/wp\/v2\/types\/post"}],"author":[{"embeddable":true,"href":"https:\/\/unm.fr\/en\/wp-json\/wp\/v2\/users\/7"}],"replies":[{"embeddable":true,"href":"https:\/\/unm.fr\/en\/wp-json\/wp\/v2\/comments?post=55788"}],"version-history":[{"count":1,"href":"https:\/\/unm.fr\/en\/wp-json\/wp\/v2\/posts\/55788\/revisions"}],"predecessor-version":[{"id":56507,"href":"https:\/\/unm.fr\/en\/wp-json\/wp\/v2\/posts\/55788\/revisions\/56507"}],"wp:featuredmedia":[{"embeddable":true,"href":"https:\/\/unm.fr\/en\/wp-json\/wp\/v2\/media\/56498"}],"wp:attachment":[{"href":"https:\/\/unm.fr\/en\/wp-json\/wp\/v2\/media?parent=55788"}],"wp:term":[{"taxonomy":"category","embeddable":true,"href":"https:\/\/unm.fr\/en\/wp-json\/wp\/v2\/categories?post=55788"},{"taxonomy":"post_tag","embeddable":true,"href":"https:\/\/unm.fr\/en\/wp-json\/wp\/v2\/tags?post=55788"},{"taxonomy":"normes-associees","embeddable":true,"href":"https:\/\/unm.fr\/en\/wp-json\/wp\/v2\/normes-associees?post=55788"},{"taxonomy":"thematique","embeddable":true,"href":"https:\/\/unm.fr\/en\/wp-json\/wp\/v2\/thematique?post=55788"}],"curies":[{"name":"wp","href":"https:\/\/api.w.org\/{rel}","templated":true}]}}