{"id":55773,"date":"2019-09-23T00:00:00","date_gmt":"2019-09-22T22:00:00","guid":{"rendered":"https:\/\/unm.fr\/non-classifiee\/nf-en-iso-14731\/"},"modified":"2022-12-02T14:14:11","modified_gmt":"2022-12-02T12:14:11","slug":"nf-en-iso-14731","status":"publish","type":"post","link":"https:\/\/unm.fr\/en\/focus-norme\/nf-en-iso-14731\/","title":{"rendered":"NF EN ISO 14731 Coordination en soudage"},"content":{"rendered":"<p style=\"text-align: justify;\">La troisi\u00e8me \u00e9dition de la norme NF EN ISO 14731 relative aux t\u00e2ches et responsabilit\u00e9s des coordinateurs en soudage est d\u00e9sormais disponible.<\/p>\n<p style=\"text-align: justify;\">La raison principale de la r\u00e9vision de cette norme est la suppression des r\u00e9f\u00e9rences aux documents de l&#8217;IAB (International Accreditation Board) donnant les recommandations au sujet des connaissances minimales relatives \u00e0 la formation, aux examens et \u00e0 la qualification du personnel de coordination en soudage. Ces documents ont \u00e9t\u00e9 remplac\u00e9s par une liste d&#8217;\u00e9l\u00e9ments essentiels \u00e0 consid\u00e9rer pendant l&#8217;\u00e9valuation du personnel de coordination en soudage.<\/p>\n<p style=\"text-align: justify;\">En marge de cette modification d&#8217;importance, la notion de responsable de coordination en soudage (RWC) dispara\u00eet. Les niveaux de comp\u00e9tence sont reformul\u00e9s et les questions de sant\u00e9, de s\u00e9curit\u00e9 et d&#8217;environnement sont prises en compte dans la liste des t\u00e2ches essentielles relatives et associ\u00e9es au soudage.<\/p>\n<p style=\"text-align: justify;\">En parall\u00e8le, la nouvelle \u00e9dition de la norme NF EN ISO 2553, indispensable \u00e0 la repr\u00e9sentation symbolique des assemblages soud\u00e9s sur les plans, a \u00e9t\u00e9 publi\u00e9e.<\/p>\n<p>Ces travaux vous int\u00e9ressent, <a href=\"\/contact\">contactez-nous.<\/a><\/p>\n<p>Pour acheter les normes : <a href=\"https:\/\/www.boutique.afnor.org\/norme\/nf-en-iso-14731\/coordination-en-soudage-taches-et-responsabilites\/article\/872338\/fa187585?utm_source=UNM&amp;utm_medium=lien-texte&amp;utm_campaign=AffiliationUNM\" target=\"_blank\" rel=\"noopener\">NF EN ISO 14731<\/a> et <a href=\"https:\/\/www.boutique.afnor.org\/norme\/nf-en-iso-2553\/soudage-et-techniques-connexes-representations-symboliques-sur-les-dessins-assemblages-soudes\/article\/879240\/fa189855?utm_source=UNM&amp;utm_medium=lien-texte&amp;utm_campaign=AffiliationUNM\" target=\"_blank\" rel=\"noopener\">NF EN ISO 2553<\/a>.<\/p>\n<p>Pour visualiser un extrait des normes : <a href=\"https:\/\/www.boutique.afnor.org\/xml\/redirection\/1981940?utm_source=UNM&amp;utm_medium=lien-texte&amp;utm_campaign=AffiliationUNM\" target=\"_blank\" rel=\"noopener\">NF EN ISO 14731<\/a> et <a href=\"https:\/\/www.boutique.afnor.org\/xml\/redirection\/1980902?utm_source=UNM&amp;utm_medium=lien-texte&amp;utm_campaign=AffiliationUNM\" target=\"_blank\" rel=\"noopener\">NF EN ISO 2553<\/a>.<\/p>\n","protected":false},"excerpt":{"rendered":"<p>La troisi\u00e8me \u00e9dition de la norme NF EN ISO 14731 relative aux t\u00e2ches et responsabilit\u00e9s des coordinateurs en soudage est d\u00e9sormais disponible. La raison principale de la r\u00e9vision de cette norme est la suppression des r\u00e9f\u00e9rences aux documents de l&#8217;IAB (International Accreditation Board) donnant les recommandations au sujet des connaissances minimales relatives \u00e0 la formation, [&hellip;]<\/p>\n","protected":false},"author":7,"featured_media":54496,"comment_status":"closed","ping_status":"open","sticky":false,"template":"","format":"standard","meta":{"date-de-webinaire":0,"heure-webinaire":"","duree-webinaire":"","lien-bouton-cta":"","footnotes":""},"categories":[38],"tags":[],"normes-associees":[3111],"thematique":[81],"class_list":["post-55773","post","type-post","status-publish","format-standard","has-post-thumbnail","hentry","category-focus-norme","normes-associees-en-iso-14731","thematique-soudage"],"_links":{"self":[{"href":"https:\/\/unm.fr\/en\/wp-json\/wp\/v2\/posts\/55773","targetHints":{"allow":["GET"]}}],"collection":[{"href":"https:\/\/unm.fr\/en\/wp-json\/wp\/v2\/posts"}],"about":[{"href":"https:\/\/unm.fr\/en\/wp-json\/wp\/v2\/types\/post"}],"author":[{"embeddable":true,"href":"https:\/\/unm.fr\/en\/wp-json\/wp\/v2\/users\/7"}],"replies":[{"embeddable":true,"href":"https:\/\/unm.fr\/en\/wp-json\/wp\/v2\/comments?post=55773"}],"version-history":[{"count":1,"href":"https:\/\/unm.fr\/en\/wp-json\/wp\/v2\/posts\/55773\/revisions"}],"predecessor-version":[{"id":56430,"href":"https:\/\/unm.fr\/en\/wp-json\/wp\/v2\/posts\/55773\/revisions\/56430"}],"wp:featuredmedia":[{"embeddable":true,"href":"https:\/\/unm.fr\/en\/wp-json\/wp\/v2\/media\/54496"}],"wp:attachment":[{"href":"https:\/\/unm.fr\/en\/wp-json\/wp\/v2\/media?parent=55773"}],"wp:term":[{"taxonomy":"category","embeddable":true,"href":"https:\/\/unm.fr\/en\/wp-json\/wp\/v2\/categories?post=55773"},{"taxonomy":"post_tag","embeddable":true,"href":"https:\/\/unm.fr\/en\/wp-json\/wp\/v2\/tags?post=55773"},{"taxonomy":"normes-associees","embeddable":true,"href":"https:\/\/unm.fr\/en\/wp-json\/wp\/v2\/normes-associees?post=55773"},{"taxonomy":"thematique","embeddable":true,"href":"https:\/\/unm.fr\/en\/wp-json\/wp\/v2\/thematique?post=55773"}],"curies":[{"name":"wp","href":"https:\/\/api.w.org\/{rel}","templated":true}]}}