{"id":55704,"date":"2021-11-10T00:00:00","date_gmt":"2021-11-09T22:00:00","guid":{"rendered":"https:\/\/unm.fr\/non-classifiee\/nf-e-51-783\/"},"modified":"2022-11-28T01:13:43","modified_gmt":"2022-11-27T23:13:43","slug":"nf-e-51-783","status":"publish","type":"post","link":"https:\/\/unm.fr\/en\/focus-norme\/nf-e-51-783\/","title":{"rendered":"NF E 51-783 Performances a\u00e9rauliques des syst\u00e8mes de ventilation"},"content":{"rendered":"<p>Suite aux retours \u00ab terrain \u00bb collect\u00e9s au niveau europ\u00e9en pendant ses 15 ans d\u2019application, la norme NF EN 14134:2004 pour la mesure de la performance et la v\u00e9rification des syst\u00e8mes de ventilation r\u00e9sidentiels a \u00e9t\u00e9 enti\u00e8rement revue puis publi\u00e9e en 2019 sous la conduite d\u2019une cheffe de projet fran\u00e7aise (Adeline M\u00e9lois, Cerema). Cependant, qu\u2019en est-il des sp\u00e9cificit\u00e9s fran\u00e7aises ?<\/p>\n<p>Afin que les mesures et les v\u00e9rifications soient r\u00e9alis\u00e9es en ad\u00e9quation avec les r\u00e8gles de l&#8217;art (NF DTU 68.3), la r\u00e8glementation thermique, la mesure de l&#8217;\u00e9tanch\u00e9it\u00e9 des r\u00e9seaux a\u00e9rauliques sur site (FD E 51-767) et le rapport de pr\u00e9-inspection et de l&#8217;incertitude globale des mesures a\u00e9rauliques aux bouches de ventilation, il \u00e9tait n\u00e9cessaire d\u2019\u00e9laborer un compl\u00e9ment fran\u00e7ais \u00e0 la NF EN 14134:2019.<\/p>\n<p>Voil\u00e0 qui est chose faite avec la publication de la norme franco-fran\u00e7aise NF E 51-783 relative aux m\u00e9thodes pour la v\u00e9rification des syst\u00e8mes de ventilation et la mesure de leurs performances a\u00e9rauliques.<\/p>\n<p>La NF E 51-783 a \u00e9t\u00e9 r\u00e9dig\u00e9e sur la base du protocole <a href=\"http:\/\/www.promevent.fr\/\" target=\"_blank\" rel=\"noopener\">Promevent<\/a> R\u00e9sidentiel, dont le projet de d\u00e9veloppement a \u00e9t\u00e9 coordonn\u00e9 par le <a href=\"https:\/\/www.cerema.fr\/fr\" target=\"_blank\" rel=\"noopener\">Cerema<\/a>, membre actif dans le domaine de la normalisation.<\/p>\n<p>&nbsp;<\/p>\n<p>Cr\u00e9dit photo : VTI.<\/p>\n<p>Ces travaux vous int\u00e9ressent, contactez-nous.<\/p>\n<p>Pour acheter la norme : <a href=\"https:\/\/www.boutique.afnor.org\/fr-fr\/norme\/nf-e51783\/ventilation-des-batiments-essais-de-performance-et-controle-dinstallation-d\/fa195759\/262770\" target=\"_blank\" rel=\"noopener\">NF E 51-783.<\/a><\/p>\n<p>Pour visualiser un extrait de la norme : <a href=\"https:\/\/viewerbdc.afnor.org\/html\/display\/IVg0Z7St63k1\" target=\"_blank\" rel=\"noopener\">NF E 51-783<\/a>.<\/p>\n<p>&nbsp;<\/p>\n","protected":false},"excerpt":{"rendered":"<p>Suite aux retours \u00ab terrain \u00bb collect\u00e9s au niveau europ\u00e9en pendant ses 15 ans d\u2019application, la norme NF EN 14134:2004 pour la mesure de la performance et la v\u00e9rification des syst\u00e8mes de ventilation r\u00e9sidentiels a \u00e9t\u00e9 enti\u00e8rement revue puis publi\u00e9e en 2019 sous la conduite d\u2019une cheffe de projet fran\u00e7aise (Adeline M\u00e9lois, Cerema). Cependant, qu\u2019en [&hellip;]<\/p>\n","protected":false},"author":7,"featured_media":54634,"comment_status":"closed","ping_status":"open","sticky":false,"template":"","format":"standard","meta":{"date-de-webinaire":0,"heure-webinaire":"","duree-webinaire":"","lien-bouton-cta":"","footnotes":""},"categories":[38],"tags":[],"normes-associees":[3043],"thematique":[85],"class_list":["post-55704","post","type-post","status-publish","format-standard","has-post-thumbnail","hentry","category-focus-norme","normes-associees-nf-e-51-783","thematique-energetique-et-fluidique"],"_links":{"self":[{"href":"https:\/\/unm.fr\/en\/wp-json\/wp\/v2\/posts\/55704","targetHints":{"allow":["GET"]}}],"collection":[{"href":"https:\/\/unm.fr\/en\/wp-json\/wp\/v2\/posts"}],"about":[{"href":"https:\/\/unm.fr\/en\/wp-json\/wp\/v2\/types\/post"}],"author":[{"embeddable":true,"href":"https:\/\/unm.fr\/en\/wp-json\/wp\/v2\/users\/7"}],"replies":[{"embeddable":true,"href":"https:\/\/unm.fr\/en\/wp-json\/wp\/v2\/comments?post=55704"}],"version-history":[{"count":1,"href":"https:\/\/unm.fr\/en\/wp-json\/wp\/v2\/posts\/55704\/revisions"}],"predecessor-version":[{"id":55932,"href":"https:\/\/unm.fr\/en\/wp-json\/wp\/v2\/posts\/55704\/revisions\/55932"}],"wp:featuredmedia":[{"embeddable":true,"href":"https:\/\/unm.fr\/en\/wp-json\/wp\/v2\/media\/54634"}],"wp:attachment":[{"href":"https:\/\/unm.fr\/en\/wp-json\/wp\/v2\/media?parent=55704"}],"wp:term":[{"taxonomy":"category","embeddable":true,"href":"https:\/\/unm.fr\/en\/wp-json\/wp\/v2\/categories?post=55704"},{"taxonomy":"post_tag","embeddable":true,"href":"https:\/\/unm.fr\/en\/wp-json\/wp\/v2\/tags?post=55704"},{"taxonomy":"normes-associees","embeddable":true,"href":"https:\/\/unm.fr\/en\/wp-json\/wp\/v2\/normes-associees?post=55704"},{"taxonomy":"thematique","embeddable":true,"href":"https:\/\/unm.fr\/en\/wp-json\/wp\/v2\/thematique?post=55704"}],"curies":[{"name":"wp","href":"https:\/\/api.w.org\/{rel}","templated":true}]}}