{"id":54477,"date":"2021-02-13T00:00:00","date_gmt":"2021-02-12T22:00:00","guid":{"rendered":"https:\/\/unm.fr\/separateurs-aerauliques-2\/"},"modified":"2022-11-18T18:23:46","modified_gmt":"2022-11-18T16:23:46","slug":"separateurs-aerauliques-2","status":"publish","type":"post","link":"https:\/\/unm.fr\/en\/actualite\/separateurs-aerauliques-2\/","title":{"rendered":"S\u00e9parateurs a\u00e9rauliques"},"content":{"rendered":"<p>Suite \u00e0 l&#8217;annulation des nombreuses manifestations dans le domaine de la filtration qui \u00e9taient l&#8217;occasion pour les diff\u00e9rents groupes de travail de se r\u00e9unir, de nouvelles fa\u00e7ons de travailler ont \u00e9t\u00e9 mises en place. Si certains groupes ont \u00e9chang\u00e9 par emails permettant ainsi de s&#8217;affranchir des probl\u00e8mes de d\u00e9calage horaire, d&#8217;autres ont mis en place des s\u00e9ries de r\u00e9unions virtuelles de courte dur\u00e9e. Ainsi malgr\u00e9 des d\u00e9buts h\u00e9sitants, les groupes de travail ont pris leurs marques et les travaux ont red\u00e9marr\u00e9 sous une forme diff\u00e9rente et efficace.<\/p>\n<p>Le d\u00e9veloppement de normes d\u2019essai par un autre comit\u00e9 technique a fait d\u00e9bat. Celle du sous-comit\u00e9 ISO\/TC 146\/SC 6 qui \u00e9tablit une m\u00e9thode pour le mesurage de la qualit\u00e9 de l&#8217;air int\u00e9rieur per\u00e7ue pour l&#8217;\u00e9valuation de la performance des purificateurs d&#8217;air en phase gazeuse t\u00e9lescope un peu le projet de l\u2019ISO\/TC 142 qui traite de l\u2019essai de ces m\u00eames purificateurs pour am\u00e9liorer la perception de la qualit\u00e9 de l&#8217;air int\u00e9rieur. Une liaison a \u00e9t\u00e9 \u00e9tablie entre les deux instances pour coordonner les travaux. L\u2019attribution de ce dernier sujet excite les convoitises du groupe WG 8 qui traite des dispositifs de d\u00e9contamination mais aussi d\u2019un groupe mixte ISO\/IEC qui traite des purificateurs d\u2019air portatifs pour des applications de grand confort. Les discussions concernant le d\u00e9marrage de ces travaux se poursuivront \u00e0 horizon 2022. La d\u00e9cision finale ne pourra \u00eatre prise que lorsque plus d&#8217;informations sur le projet seront disponibles.<\/p>\n<p><em>Prochaine session \u00e0 Delft du 29 novembre au 3 d\u00e9cembre 2021.<\/em><\/p>\n<p>&nbsp;<\/p>\n<p>Cr\u00e9dit phto : FREUDENBERG<\/p>\n","protected":false},"excerpt":{"rendered":"<p>Gr\u00e2ce \u00e0 une organisation efficace du secr\u00e9tariat italien, la r\u00e9union du comit\u00e9 international ISO\/TC 142, tenue les 2 et 4 d\u00e9cembre 2020 et r\u00e9unissant de fa\u00e7on virtuelle 57 participants repr\u00e9sentant 14 pays, s&#8217;est d\u00e9roul\u00e9e de mani\u00e8re constructive.<\/p>\n","protected":false},"author":7,"featured_media":54284,"comment_status":"open","ping_status":"open","sticky":false,"template":"","format":"standard","meta":{"date-de-webinaire":0,"heure-webinaire":"","duree-webinaire":"","lien-bouton-cta":"","footnotes":""},"categories":[42],"tags":[],"normes-associees":[],"thematique":[78],"class_list":["post-54477","post","type-post","status-publish","format-standard","has-post-thumbnail","hentry","category-actualite","thematique-mecanique"],"_links":{"self":[{"href":"https:\/\/unm.fr\/en\/wp-json\/wp\/v2\/posts\/54477","targetHints":{"allow":["GET"]}}],"collection":[{"href":"https:\/\/unm.fr\/en\/wp-json\/wp\/v2\/posts"}],"about":[{"href":"https:\/\/unm.fr\/en\/wp-json\/wp\/v2\/types\/post"}],"author":[{"embeddable":true,"href":"https:\/\/unm.fr\/en\/wp-json\/wp\/v2\/users\/7"}],"replies":[{"embeddable":true,"href":"https:\/\/unm.fr\/en\/wp-json\/wp\/v2\/comments?post=54477"}],"version-history":[{"count":1,"href":"https:\/\/unm.fr\/en\/wp-json\/wp\/v2\/posts\/54477\/revisions"}],"predecessor-version":[{"id":55429,"href":"https:\/\/unm.fr\/en\/wp-json\/wp\/v2\/posts\/54477\/revisions\/55429"}],"wp:featuredmedia":[{"embeddable":true,"href":"https:\/\/unm.fr\/en\/wp-json\/wp\/v2\/media\/54284"}],"wp:attachment":[{"href":"https:\/\/unm.fr\/en\/wp-json\/wp\/v2\/media?parent=54477"}],"wp:term":[{"taxonomy":"category","embeddable":true,"href":"https:\/\/unm.fr\/en\/wp-json\/wp\/v2\/categories?post=54477"},{"taxonomy":"post_tag","embeddable":true,"href":"https:\/\/unm.fr\/en\/wp-json\/wp\/v2\/tags?post=54477"},{"taxonomy":"normes-associees","embeddable":true,"href":"https:\/\/unm.fr\/en\/wp-json\/wp\/v2\/normes-associees?post=54477"},{"taxonomy":"thematique","embeddable":true,"href":"https:\/\/unm.fr\/en\/wp-json\/wp\/v2\/thematique?post=54477"}],"curies":[{"name":"wp","href":"https:\/\/api.w.org\/{rel}","templated":true}]}}