{"id":54476,"date":"2021-02-14T00:00:00","date_gmt":"2021-02-13T22:00:00","guid":{"rendered":"https:\/\/unm.fr\/ventilation-des-batiments\/"},"modified":"2022-11-18T18:23:16","modified_gmt":"2022-11-18T16:23:16","slug":"ventilation-des-batiments","status":"publish","type":"post","link":"https:\/\/unm.fr\/en\/actualite\/ventilation-des-batiments\/","title":{"rendered":"Ventilation des b\u00e2timents"},"content":{"rendered":"<p>R\u00e9sultat de la fusion de l&#8217;EN 15665 qui d\u00e9termine les crit\u00e8res de performance et du rapport CEN\/TR 14788 qui traite de la conception et du dimensionnement des syst\u00e8mes, la nouvelle structure du document d\u2019aide \u00e0 la conception pour les syst\u00e8mes r\u00e9sidentiels a \u00e9t\u00e9 pr\u00e9sent\u00e9e en s\u00e9ance et approuv\u00e9e. L&#8217;\u00e9laboration du projet va donc pouvoir se poursuivre, sous la responsabilit\u00e9 du groupe de travail WG 2, \u00e0 animation fran\u00e7aise, dont la prochaine r\u00e9union est pr\u00e9vue le 21 avril 2021. Le march\u00e9 est en attente de ce document qui, \u00e0 terme, doit devenir un outil essentiel pour les concepteurs.<\/p>\n<p>Le groupe WG 9, en charge des mesures anti-incendie dans les r\u00e9seaux de distribution d\u2019air, a fait valider par le comit\u00e9 l&#8217;arr\u00eat de ses travaux. A l\u2019origine de cette demande, l\u2019article (5) du R\u00e8glement europ\u00e9en Produits de Construction qui stipule que le choix de la caract\u00e9ristique essentielle \u00e0 d\u00e9clarer d\u2019un produit rel\u00e8ve du choix du fabricant. Ainsi, un clapet coupe-feu pourrait \u00eatre marqu\u00e9 CE sans avoir \u00e9t\u00e9 soumis \u00e0 un essai de r\u00e9sistance au feu mais, par exemple, uniquement \u00e0 un essai de cyclage. L&#8217;objectif est ensuite d&#8217;obtenir la tenue d&#8217;une r\u00e9union avec la Commission europ\u00e9enne, le CCMC <em>(CEN Management Centre. Le CCMC est responsable des op\u00e9rations quotidiennes, de la coordination et de la promotion de toutes les activit\u00e9s du CEN et du CENELEC.)<\/em> et les animateurs de groupes concern\u00e9s afin d&#8217;exposer la probl\u00e9matique, qui concerne aussi d&#8217;autres comit\u00e9s techniques tel que le CEN\/TC 127 qui traite de la s\u00e9curit\u00e9 incendie dans le b\u00e2timent, voire demander une modification de l&#8217;Article 5.<\/p>\n<p>La pand\u00e9mie Covid-19 pousse le comit\u00e9 technique \u00e0 d\u00e9velopper de nouveaux documents. La faisabilit\u00e9 d&#8217;un rapport technique ou d&#8217;un guide portant sur les risques de contamination crois\u00e9e par l&#8217;interm\u00e9diaire de la ventilation en cas de pand\u00e9mie et les actions \u00e0 mettre en \u0153uvre sont \u00e0 l\u2019\u00e9tude au sein d&#8217;un groupe de r\u00e9flexion qui pr\u00e9sentera les r\u00e9sultats de ces travaux les 6 et 7 mai 2021, date retenue pour la prochaine r\u00e9union du comit\u00e9 technique.<br \/>\n&nbsp;<\/p>\n<p>Cr\u00e9dit photo : LENNOX EMEA<\/p>\n","protected":false},"excerpt":{"rendered":"<p>La premi\u00e8re r\u00e9union sous format virtuel du CEN\/TC 156 s&#8217;est tenue avec succ\u00e8s les 1er et 2 d\u00e9cembre 2020. Les d\u00e9l\u00e9gations de 10 pays ont pris part aux d\u00e9bats ax\u00e9s principalement sur l&#8217;aide \u00e0 la conception, la s\u00e9curit\u00e9 en cas d&#8217;incendie et les nouveaux outils \u00e0 d\u00e9velopper.<\/p>\n","protected":false},"author":7,"featured_media":54282,"comment_status":"open","ping_status":"open","sticky":false,"template":"","format":"standard","meta":{"date-de-webinaire":0,"heure-webinaire":"","duree-webinaire":"","lien-bouton-cta":"","footnotes":""},"categories":[42],"tags":[],"normes-associees":[2998],"thematique":[85,87],"class_list":["post-54476","post","type-post","status-publish","format-standard","has-post-thumbnail","hentry","category-actualite","normes-associees-en-15665","thematique-energetique-et-fluidique","thematique-machines"],"_links":{"self":[{"href":"https:\/\/unm.fr\/en\/wp-json\/wp\/v2\/posts\/54476","targetHints":{"allow":["GET"]}}],"collection":[{"href":"https:\/\/unm.fr\/en\/wp-json\/wp\/v2\/posts"}],"about":[{"href":"https:\/\/unm.fr\/en\/wp-json\/wp\/v2\/types\/post"}],"author":[{"embeddable":true,"href":"https:\/\/unm.fr\/en\/wp-json\/wp\/v2\/users\/7"}],"replies":[{"embeddable":true,"href":"https:\/\/unm.fr\/en\/wp-json\/wp\/v2\/comments?post=54476"}],"version-history":[{"count":1,"href":"https:\/\/unm.fr\/en\/wp-json\/wp\/v2\/posts\/54476\/revisions"}],"predecessor-version":[{"id":55428,"href":"https:\/\/unm.fr\/en\/wp-json\/wp\/v2\/posts\/54476\/revisions\/55428"}],"wp:featuredmedia":[{"embeddable":true,"href":"https:\/\/unm.fr\/en\/wp-json\/wp\/v2\/media\/54282"}],"wp:attachment":[{"href":"https:\/\/unm.fr\/en\/wp-json\/wp\/v2\/media?parent=54476"}],"wp:term":[{"taxonomy":"category","embeddable":true,"href":"https:\/\/unm.fr\/en\/wp-json\/wp\/v2\/categories?post=54476"},{"taxonomy":"post_tag","embeddable":true,"href":"https:\/\/unm.fr\/en\/wp-json\/wp\/v2\/tags?post=54476"},{"taxonomy":"normes-associees","embeddable":true,"href":"https:\/\/unm.fr\/en\/wp-json\/wp\/v2\/normes-associees?post=54476"},{"taxonomy":"thematique","embeddable":true,"href":"https:\/\/unm.fr\/en\/wp-json\/wp\/v2\/thematique?post=54476"}],"curies":[{"name":"wp","href":"https:\/\/api.w.org\/{rel}","templated":true}]}}