{"id":54472,"date":"2021-03-14T00:00:00","date_gmt":"2021-03-13T22:00:00","guid":{"rendered":"https:\/\/unm.fr\/specification-geometrique-des-produits-gps\/"},"modified":"2022-11-18T18:21:00","modified_gmt":"2022-11-18T16:21:00","slug":"specification-geometrique-des-produits-gps","status":"publish","type":"post","link":"https:\/\/unm.fr\/en\/actualite\/specification-geometrique-des-produits-gps\/","title":{"rendered":"Sp\u00e9cification g\u00e9om\u00e9trique des produits (GPS)"},"content":{"rendered":"<p>Les r\u00e9unions se sont \u00e9tal\u00e9es sur 3 semaines de fin janvier jusque mi-f\u00e9vrier 2021, sur une demi-journ\u00e9e (l\u2019apr\u00e8s-midi pour la France) pour tenir compte du d\u00e9calage horaire entre l\u2019Asie, l\u2019Am\u00e9rique et l\u2019Europe. Les experts se sont accoutum\u00e9s \u00e0 ce nouveau mode de r\u00e9union mais il manque la pr\u00e9sence humaine et le tableau blanc qui permettent d\u2019\u00e9changer dans un contexte plus compr\u00e9hensif.<\/p>\n<p>Le comit\u00e9 ISO\/TC 213 a lanc\u00e9 un projet ambitieux de r\u00e9flexion sur la structuration des normes ISO GPS. Il a pour but d&#8217;am\u00e9liorer l&#8217;articulation des normes entre elles mais aussi de mieux planifier les futurs besoins, notamment dans un contexte de digitalisation.<\/p>\n<p>La publication r\u00e9cente de l\u2019ISO 22081 qui donne les r\u00e8gles de d\u00e9finition et d&#8217;interpr\u00e9tation des sp\u00e9cifications g\u00e9om\u00e9triques g\u00e9n\u00e9rales a \u00e9t\u00e9 salu\u00e9e. Celle de la nouvelle version de l&#8217;ISO 2692 sur les exigences du maximum de mati\u00e8re, du minimum de mati\u00e8re et de r\u00e9ciprocit\u00e9 est en bonne voie.<\/p>\n<p>L\u2019ISO 10579 sur la cotation et le tol\u00e9rancement des pi\u00e8ces non rigides devrait \u00eatre revue pour corriger les manques et les ambigu\u00eft\u00e9s relev\u00e9s par les utilisateurs. Comme cette norme d\u00e9pend des travaux des autres groupes, la r\u00e9vision, men\u00e9e par l\u2019Allemagne, n&#8217;est pour l&#8217;instant qu&#8217;inscrite au stade pr\u00e9liminaire.<\/p>\n<p>Une autre r\u00e9vision potentielle a \u00e9t\u00e9 annonc\u00e9e : celle de l&#8217;ISO 1101, norme de base du tol\u00e9rancement g\u00e9om\u00e9trique. Le pr\u00e9sident du comit\u00e9 technique a qualifi\u00e9 celle-ci de &#8220;r\u00e9vision l\u00e9g\u00e8re&#8221; destin\u00e9e \u00e0 clarifier et \u00e0 corriger certaines impr\u00e9cisions. Ce sujet sera trait\u00e9 plus largement lors de la prochaine r\u00e9union.<\/p>\n<p>Gr\u00e2ce \u00e0 la pr\u00e9paration de R\u00e9nald Vincent (Cetim) et Marie Royer (Safran Aircraft Engines) en amont de la r\u00e9union, le groupe de travail en charge des travaux sur les r\u00e9f\u00e9rences sp\u00e9cifi\u00e9es a accept\u00e9 de d\u00e9velopper un amendement \u00e0 l&#8217;ISO 5459, pour mettre \u00e0 disposition de l\u2019industrie les outils qui font consensus : certains modificateurs, l\u2019\u00e9l\u00e9ment de situation, l\u2019indication de l\u2019association et du filtrage, le syst\u00e8me de coordonn\u00e9es cart\u00e9sien\u2026 Les experts continueront en parall\u00e8le \u00e0 \u0153uvrer sur une r\u00e9vision compl\u00e8te de la norme.<\/p>\n<p>Le groupe sur les principes GPS verticaux, anim\u00e9 \u00e9galement par Renald Vincent, travaille sur le projet ISO 4351 pour l&#8217;association ainsi que sur la r\u00e9vision de l&#8217;ISO 8015 qui traite des principes fondamentaux (concepts, principes et r\u00e8gles). Il d\u00e9veloppe aussi un document sur les outils g\u00e9n\u00e9riques communs aux normes ISO GPS.<\/p>\n<p>Le projet ISO 6061 sur l&#8217;op\u00e9ration de reconstruction pour les normes ISO GPS est maintenant inscrit au stade pr\u00e9liminaire. Il sera men\u00e9 par la France. Par ailleurs, un Rapport Technique qui pr\u00e9sente les concepts math\u00e9matiques pour les r\u00e9f\u00e9rences sp\u00e9cifi\u00e9es est en cours de publication.<\/p>\n<p>Du c\u00f4t\u00e9 des \u00e9tats de surface, les travaux se poursuivent. La r\u00e9vision de l&#8217;ISO 25178-2 qui d\u00e9finit les termes, d\u00e9finitions et param\u00e8tres est en cours de finalisation.<\/p>\n<p>Le projet ISO 5059-1 sur les microm\u00e8tres d&#8217;int\u00e9rieur \u00e0 2 touches, port\u00e9 par la France, a \u00e9t\u00e9 inscrit au programme. Les commentaires re\u00e7us ont \u00e9t\u00e9 trait\u00e9s au cours de la session et le projet mis \u00e0 jour sera valid\u00e9 \u00e0 la prochaine r\u00e9union.<\/p>\n<p>La prochaine session, toujours virtuelle, est pr\u00e9vue du 2 au 24 septembre 2021.<\/p>\n<p>&nbsp;<\/p>\n<p>Cr\u00e9dit photo : DR.<\/p>\n","protected":false},"excerpt":{"rendered":"<p>Les experts et d\u00e9l\u00e9gu\u00e9s du comit\u00e9 international ISO\/TC 213 se sont retrouv\u00e9s du 25 janvier au 12 f\u00e9vrier 2021 pour d\u00e9battre des sujets en cours. Les experts fran\u00e7ais, toujours tr\u00e8s mobilis\u00e9s, continuent malgr\u00e9 l&#8217;absence de r\u00e9unions physiques \u00e0 faire avancer leurs projets.<\/p>\n","protected":false},"author":7,"featured_media":54296,"comment_status":"open","ping_status":"open","sticky":false,"template":"","format":"standard","meta":{"date-de-webinaire":0,"heure-webinaire":"","duree-webinaire":"","lien-bouton-cta":"","footnotes":""},"categories":[42],"tags":[],"normes-associees":[2995,2965,2993,2994,2996],"thematique":[78],"class_list":["post-54472","post","type-post","status-publish","format-standard","has-post-thumbnail","hentry","category-actualite","normes-associees-iso-10579","normes-associees-iso-1101","normes-associees-iso-22081","normes-associees-iso-2692","normes-associees-iso-6061","thematique-mecanique"],"_links":{"self":[{"href":"https:\/\/unm.fr\/en\/wp-json\/wp\/v2\/posts\/54472","targetHints":{"allow":["GET"]}}],"collection":[{"href":"https:\/\/unm.fr\/en\/wp-json\/wp\/v2\/posts"}],"about":[{"href":"https:\/\/unm.fr\/en\/wp-json\/wp\/v2\/types\/post"}],"author":[{"embeddable":true,"href":"https:\/\/unm.fr\/en\/wp-json\/wp\/v2\/users\/7"}],"replies":[{"embeddable":true,"href":"https:\/\/unm.fr\/en\/wp-json\/wp\/v2\/comments?post=54472"}],"version-history":[{"count":1,"href":"https:\/\/unm.fr\/en\/wp-json\/wp\/v2\/posts\/54472\/revisions"}],"predecessor-version":[{"id":55426,"href":"https:\/\/unm.fr\/en\/wp-json\/wp\/v2\/posts\/54472\/revisions\/55426"}],"wp:featuredmedia":[{"embeddable":true,"href":"https:\/\/unm.fr\/en\/wp-json\/wp\/v2\/media\/54296"}],"wp:attachment":[{"href":"https:\/\/unm.fr\/en\/wp-json\/wp\/v2\/media?parent=54472"}],"wp:term":[{"taxonomy":"category","embeddable":true,"href":"https:\/\/unm.fr\/en\/wp-json\/wp\/v2\/categories?post=54472"},{"taxonomy":"post_tag","embeddable":true,"href":"https:\/\/unm.fr\/en\/wp-json\/wp\/v2\/tags?post=54472"},{"taxonomy":"normes-associees","embeddable":true,"href":"https:\/\/unm.fr\/en\/wp-json\/wp\/v2\/normes-associees?post=54472"},{"taxonomy":"thematique","embeddable":true,"href":"https:\/\/unm.fr\/en\/wp-json\/wp\/v2\/thematique?post=54472"}],"curies":[{"name":"wp","href":"https:\/\/api.w.org\/{rel}","templated":true}]}}