{"id":54469,"date":"2021-03-17T00:00:00","date_gmt":"2021-03-16T22:00:00","guid":{"rendered":"https:\/\/unm.fr\/normalisation-europeenne-et-internationale-strategie-a-horizon-2030\/"},"modified":"2022-11-18T23:35:24","modified_gmt":"2022-11-18T21:35:24","slug":"normalisation-europeenne-et-internationale-strategie-a-horizon-2030","status":"publish","type":"post","link":"https:\/\/unm.fr\/en\/actualite\/normalisation-europeenne-et-internationale-strategie-a-horizon-2030\/","title":{"rendered":"Normalisation europ\u00e9enne et internationale : strat\u00e9gie \u00e0 horizon 2030"},"content":{"rendered":"<p>&#8220;Construire une Europe plus s\u00fbre, plus durable et plus comp\u00e9titive gr\u00e2ce \u00e0 la normalisation europ\u00e9enne et internationale&#8221;, telle est l\u2019ambition du CEN-CENELEC. Pour cela, autour de cinq objectifs, cet organisme va repenser et optimiser la cr\u00e9ation de valeur pour leurs client et parties prenantes dans un monde en \u00e9volution rapide.<\/p>\n<p>La valeur strat\u00e9gique du syst\u00e8me de normalisation europ\u00e9en : faire en sorte que l&#8217;Europe et l&#8217;AELE la reconnaissent et l&#8217;utilisent. Comment s&#8217;y prendre ? Les r\u00f4les de chacun au sein du march\u00e9 unique, la collaboration avec la Commission europ\u00e9enne et le partenariat public-priv\u00e9 sont \u00e0 revoir. Il faut ensuite travailler \u00e0 promouvoir la valeur des normes en soutien \u00e0 la politique publique europ\u00e9enne mais \u00e9galement la capacit\u00e9 d\u2019innovation, la comp\u00e9tition et l&#8217;int\u00e9r\u00eat g\u00e9ostrat\u00e9gique de l\u2019\u00e9conomie europ\u00e9enne. L\u2019\u00e9conomie et la soci\u00e9t\u00e9 doivent tendre vers une Europe neutre sur le plan climatique et s\u2019appuyer sur le syst\u00e8me europ\u00e9en de normalisation pour aider \u00e0 mettre en \u0153uvre la transition verte.<\/p>\n<p>Le b\u00e9n\u00e9fice des solutions num\u00e9riques de pointe \u00e0 la port\u00e9e des clients et parties prenantes : produire des normes adapt\u00e9es \u00e0 l\u2019\u00e9conomie num\u00e9rique passe par la transformation du processus de d\u00e9ploiement des normes. D\u00e9velopper et livrer des solutions num\u00e9riques en phase avec l\u2019\u00e9tat de l\u2019art est la cl\u00e9 pour r\u00e9ussir cette transformation et accro\u00eetre l\u2019utilisation des normes. Avant toute chose, les mod\u00e8les \u00e9conomiques des organismes de normalisation doivent s&#8217;adapter \u00e0 l\u2019\u00e8re num\u00e9rique.<\/p>\n<p>L&#8217;utilisation et la pertinence des livrables augment\u00e9es : communiquer sur la valeur ajout\u00e9e unique du syst\u00e8me de normalisation au plan national et europ\u00e9en est essentiel. Cette phase s&#8217;appuiera sur une base factuelle et des strat\u00e9gies d&#8217;engagement ajust\u00e9es pour convaincre les diff\u00e9rentes parties prenantes de la valeur ajout\u00e9e de la normalisation. Une meilleure compr\u00e9hension des besoins des utilisateurs en renfor\u00e7ant l\u2019intimit\u00e9 avec le client soutiendra cet engagement. Optimiser l\u2019exp\u00e9rience de l\u2019utilisateur et augmenter l\u2019utilisation des livrables de la normalisation renforceront cette valeur ajout\u00e9e.<\/p>\n<p>Le portail de la normalisation europ\u00e9enne rendu inclusif : faire du CEN-CENELEC le choix privil\u00e9gi\u00e9 pour la normalisation europ\u00e9enne. Le syst\u00e8me est ouvert, accessible, sans faille et r\u00e9actif pour tous. Les parties prenantes sont invit\u00e9es \u00e0 s&#8217;impliquer de mani\u00e8re syst\u00e9matique. La conduite de projets est promue, la fa\u00e7on de travailler multi disciplinaire. Le syst\u00e8me doit attirer les nouvelles g\u00e9n\u00e9rations de faiseurs de normes, \u00eatre plus r\u00e9actif aux changements des besoins du march\u00e9 pour finalement produire de meilleures normes.<\/p>\n<p>Le leadership et l\u2019ambition europ\u00e9enne \u00e9tendus au niveau international : les membres du CEN doivent penser en priorit\u00e9 &#8220;international&#8221;, am\u00e9liorer la coordination et l\u2019efficacit\u00e9 au plan europ\u00e9en, accro\u00eetre leur leadership, leur implication et leur influence. La normalisation internationale doit devenir le levier du d\u00e9veloppement durable et un catalyseur essentiel pour la durabilit\u00e9.<\/p>\n<p>L&#8217;ISO affiche une strat\u00e9gie \u00e0 vocation universelle. &#8220;Rendre la vie plus facile, plus s\u00fbre et meilleure&#8221;, une vision et une mission qui r\u00e9sultent de la collaboration de ses membres, partenaires et parties prenantes. Un plan de mise en \u0153uvre et un cadre de mesure appuieront les trois grandes lignes directrices.<\/p>\n<p>L&#8217;utilisation universelle des normes ISO : elle ne sera possible que si les normes sont de haute qualit\u00e9, facilement accessibles et applicables. Les avantages qu\u2019elles conf\u00e8rent doivent \u00eatre valoris\u00e9s et compris. Innover pour r\u00e9pondre aux besoins des utilisateurs est indispensable.<\/p>\n<p>R\u00e9pondre aux besoins mondiaux : des normes fond\u00e9es sur le consensus, pertinentes et r\u00e9pondant aux enjeux actuels et futurs sont la base. Fournir des normes ISO au march\u00e9 lorsqu\u2019il en a besoin. Mettre sur le march\u00e9 au bon moment des normes au contenu et au format ad\u00e9quats suppose de capter les opportunit\u00e9s futures pour la normalisation internationale.<br \/>\nA l\u2019\u00e9coute de toutes les voix \u00e0 la fois dans l\u2019\u00e9laboration des normes et dans les d\u00e9cisions prises : consolider les membres de l\u2019ISO par le renforcement des capacit\u00e9s, promouvoir l\u2019inclusivit\u00e9 et la diversit\u00e9 au sein du syst\u00e8me ISO.<\/p>\n<p>Ces objectifs rejoignent en quelque sorte ceux de la normalisation europ\u00e9enne m\u00eame si leur mode d&#8217;expression est diff\u00e9rent. A nous, acteurs du syst\u00e8me de normalisation europ\u00e9en et international de jouer le r\u00f4le qui nous est d\u00e9volu dans ces strat\u00e9gies.<\/p>\n<p>&nbsp;<\/p>\n<p>Cr\u00e9dit photo : ISO\/CEN-CENELEC<\/p>\n","protected":false},"excerpt":{"rendered":"<p>Les organismes de normalisation europ\u00e9ens et internationaux ont d\u00e9voil\u00e9 chacun leur strat\u00e9gie pour les dix prochaines ann\u00e9es. Tous se tournent vers une normalisation collaborative et sur mesure !<\/p>\n","protected":false},"author":7,"featured_media":54290,"comment_status":"open","ping_status":"open","sticky":false,"template":"","format":"standard","meta":{"date-de-webinaire":0,"heure-webinaire":"","duree-webinaire":"","lien-bouton-cta":"false","footnotes":""},"categories":[42],"tags":[],"normes-associees":[],"thematique":[88],"class_list":["post-54469","post","type-post","status-publish","format-standard","has-post-thumbnail","hentry","category-actualite","thematique-vie-du-systeme-de-normalisation"],"_links":{"self":[{"href":"https:\/\/unm.fr\/en\/wp-json\/wp\/v2\/posts\/54469","targetHints":{"allow":["GET"]}}],"collection":[{"href":"https:\/\/unm.fr\/en\/wp-json\/wp\/v2\/posts"}],"about":[{"href":"https:\/\/unm.fr\/en\/wp-json\/wp\/v2\/types\/post"}],"author":[{"embeddable":true,"href":"https:\/\/unm.fr\/en\/wp-json\/wp\/v2\/users\/7"}],"replies":[{"embeddable":true,"href":"https:\/\/unm.fr\/en\/wp-json\/wp\/v2\/comments?post=54469"}],"version-history":[{"count":2,"href":"https:\/\/unm.fr\/en\/wp-json\/wp\/v2\/posts\/54469\/revisions"}],"predecessor-version":[{"id":55458,"href":"https:\/\/unm.fr\/en\/wp-json\/wp\/v2\/posts\/54469\/revisions\/55458"}],"wp:featuredmedia":[{"embeddable":true,"href":"https:\/\/unm.fr\/en\/wp-json\/wp\/v2\/media\/54290"}],"wp:attachment":[{"href":"https:\/\/unm.fr\/en\/wp-json\/wp\/v2\/media?parent=54469"}],"wp:term":[{"taxonomy":"category","embeddable":true,"href":"https:\/\/unm.fr\/en\/wp-json\/wp\/v2\/categories?post=54469"},{"taxonomy":"post_tag","embeddable":true,"href":"https:\/\/unm.fr\/en\/wp-json\/wp\/v2\/tags?post=54469"},{"taxonomy":"normes-associees","embeddable":true,"href":"https:\/\/unm.fr\/en\/wp-json\/wp\/v2\/normes-associees?post=54469"},{"taxonomy":"thematique","embeddable":true,"href":"https:\/\/unm.fr\/en\/wp-json\/wp\/v2\/thematique?post=54469"}],"curies":[{"name":"wp","href":"https:\/\/api.w.org\/{rel}","templated":true}]}}