{"id":54439,"date":"2021-10-09T00:00:00","date_gmt":"2021-10-08T22:00:00","guid":{"rendered":"https:\/\/unm.fr\/ventilation-des-batiments-les-commissions-unm-713-et-714-engagees\/"},"modified":"2022-11-18T17:57:28","modified_gmt":"2022-11-18T15:57:28","slug":"ventilation-des-batiments-les-commissions-unm-713-et-714-engagees","status":"publish","type":"post","link":"https:\/\/unm.fr\/en\/actualite\/ventilation-des-batiments-les-commissions-unm-713-et-714-engagees\/","title":{"rendered":"Ventilation des b\u00e2timents : les commissions UNM 713 et 714 engag\u00e9es"},"content":{"rendered":"<p>La norme EN 16798-1:2019 d\u00e9crit le mode d\u2019\u00e9tablissement des param\u00e8tres d\u2019entr\u00e9e relatifs \u00e0 l\u2019ambiance int\u00e9rieure (ambiance thermique, qualit\u00e9 de l\u2019air int\u00e9rieur, ventilation, \u00e9clairage et acoustique) pour la conception des syst\u00e8mes du b\u00e2timent et les calculs de la performance \u00e9nerg\u00e9tique.<\/p>\n<p>La proposition pour la r\u00e9vision vise \u00e0 restructurer la norme en cinq parties. Chaque partie sera ensuite attribu\u00e9e au comit\u00e9 technique pertinent : CEN\/TC 126 (acoustique), 156 (ventilation), 169 (\u00e9clairage), 228 (chauffage) et 371 (performance \u00e9nerg\u00e9tique). Pour ce faire, les comit\u00e9s doivent valider la proposition de titre et de contenu pour chaque partie.<\/p>\n<p>Finalis\u00e9e lors de la derni\u00e8re r\u00e9union du CEN\/TC 156 en mai 2021, cette proposition a ensuite \u00e9t\u00e9 transmise aux CEN\/TC 126, TC 169, TC 228 et TC 371 pour validation.<\/p>\n<p>Les travaux de r\u00e9vision d\u00e9marreront d\u00e8s que tous les TC concern\u00e9s auront approuv\u00e9 la proposition.<\/p>\n<p>A noter que la r\u00e9vision de cette norme europ\u00e9enne est soutenue par les acteurs fran\u00e7ais du domaine, tous tr\u00e8s impliqu\u00e9s au sein des commissions UNM 713 et UNM 714.<\/p>\n<p>&nbsp;<\/p>\n<p>Cr\u00e9dit photo : Acthys.<\/p>\n","protected":false},"excerpt":{"rendered":"<p>L&#8217;ambiance int\u00e9rieure a un impact significatif sur la consommation \u00e9nerg\u00e9tique d&#8217;un b\u00e2timent. En effet, celle-ci constitue un enjeu \u00e0 la fois financier et \u00e9cologique qui se fait de plus en plus pr\u00e9gnant depuis quelques ann\u00e9es.<\/p>\n","protected":false},"author":7,"featured_media":54360,"comment_status":"open","ping_status":"open","sticky":false,"template":"","format":"standard","meta":{"date-de-webinaire":0,"heure-webinaire":"","duree-webinaire":"","lien-bouton-cta":"","footnotes":""},"categories":[42],"tags":[],"normes-associees":[2966],"thematique":[86,78],"class_list":["post-54439","post","type-post","status-publish","format-standard","has-post-thumbnail","hentry","category-actualite","normes-associees-en-16798-serie","thematique-composants-et-pieces-mecaniques","thematique-mecanique"],"_links":{"self":[{"href":"https:\/\/unm.fr\/en\/wp-json\/wp\/v2\/posts\/54439","targetHints":{"allow":["GET"]}}],"collection":[{"href":"https:\/\/unm.fr\/en\/wp-json\/wp\/v2\/posts"}],"about":[{"href":"https:\/\/unm.fr\/en\/wp-json\/wp\/v2\/types\/post"}],"author":[{"embeddable":true,"href":"https:\/\/unm.fr\/en\/wp-json\/wp\/v2\/users\/7"}],"replies":[{"embeddable":true,"href":"https:\/\/unm.fr\/en\/wp-json\/wp\/v2\/comments?post=54439"}],"version-history":[{"count":1,"href":"https:\/\/unm.fr\/en\/wp-json\/wp\/v2\/posts\/54439\/revisions"}],"predecessor-version":[{"id":55406,"href":"https:\/\/unm.fr\/en\/wp-json\/wp\/v2\/posts\/54439\/revisions\/55406"}],"wp:featuredmedia":[{"embeddable":true,"href":"https:\/\/unm.fr\/en\/wp-json\/wp\/v2\/media\/54360"}],"wp:attachment":[{"href":"https:\/\/unm.fr\/en\/wp-json\/wp\/v2\/media?parent=54439"}],"wp:term":[{"taxonomy":"category","embeddable":true,"href":"https:\/\/unm.fr\/en\/wp-json\/wp\/v2\/categories?post=54439"},{"taxonomy":"post_tag","embeddable":true,"href":"https:\/\/unm.fr\/en\/wp-json\/wp\/v2\/tags?post=54439"},{"taxonomy":"normes-associees","embeddable":true,"href":"https:\/\/unm.fr\/en\/wp-json\/wp\/v2\/normes-associees?post=54439"},{"taxonomy":"thematique","embeddable":true,"href":"https:\/\/unm.fr\/en\/wp-json\/wp\/v2\/thematique?post=54439"}],"curies":[{"name":"wp","href":"https:\/\/api.w.org\/{rel}","templated":true}]}}