{"id":54438,"date":"2021-10-10T00:00:00","date_gmt":"2021-10-09T22:00:00","guid":{"rendered":"https:\/\/unm.fr\/accord-de-vienne-30-ans-dentente-parfaite\/"},"modified":"2022-11-18T17:53:28","modified_gmt":"2022-11-18T15:53:28","slug":"accord-de-vienne-30-ans-dentente-parfaite","status":"publish","type":"post","link":"https:\/\/unm.fr\/en\/actualite\/accord-de-vienne-30-ans-dentente-parfaite\/","title":{"rendered":"Accord de Vienne : 30 ans d&#8217;entente parfaite"},"content":{"rendered":"<p>Depuis 30 ans, l&#8217;Accord de Vienne r\u00e9git la coop\u00e9ration entre l&#8217;ISO et le CEN pour le d\u00e9veloppement de normes communes.<\/p>\n<p>Son principal objectif est de garantir une r\u00e9alisation efficace des travaux de normalisation, notamment gr\u00e2ce \u00e0 une mutualisation des ressources et \u00e0 une facilitation des \u00e9changes.<\/p>\n<p>En effet, cette coop\u00e9ration entre l&#8217;ISO et le CEN est rendue possible par plusieurs moyens :<\/p>\n<ul>\n<li>transparence des travaux ;<\/li>\n<li>\u00e9change d&#8217;informations ;<\/li>\n<li>repr\u00e9sentation mutuelle aux r\u00e9unions ; et<\/li>\n<li>un syst\u00e8me d&#8217;approbation parall\u00e8le des normes aux niveaux europ\u00e9en et international.<\/li>\n<\/ul>\n<p>La normalisation \u00e9tant une activit\u00e9 \u00e9conomique \u00e0 part enti\u00e8re, elle se doit d&#8217;\u00eatre r\u00e9alis\u00e9e aussi efficacement que possible, et la synergie mise en place par l&#8217;Accord de Vienne depuis 30 ans a, en ce sens, permis aux acteurs internationaux et europ\u00e9ens de former un duo gagnant.<\/p>\n<p>&nbsp;<\/p>\n<p>Cr\u00e9dit photo : SHUTTERSTOCK.<\/p>\n","protected":false},"excerpt":{"rendered":"<p>Les accords de coop\u00e9ration technique sign\u00e9s en 1991 continuent d&#8217;assurer le d\u00e9veloppement serein de normes cumulant les statuts europ\u00e9en et international.<\/p>\n","protected":false},"author":7,"featured_media":54358,"comment_status":"open","ping_status":"open","sticky":false,"template":"","format":"standard","meta":{"date-de-webinaire":0,"heure-webinaire":"","duree-webinaire":"","lien-bouton-cta":"","footnotes":""},"categories":[42],"tags":[],"normes-associees":[],"thematique":[88],"class_list":["post-54438","post","type-post","status-publish","format-standard","has-post-thumbnail","hentry","category-actualite","thematique-vie-du-systeme-de-normalisation"],"_links":{"self":[{"href":"https:\/\/unm.fr\/en\/wp-json\/wp\/v2\/posts\/54438","targetHints":{"allow":["GET"]}}],"collection":[{"href":"https:\/\/unm.fr\/en\/wp-json\/wp\/v2\/posts"}],"about":[{"href":"https:\/\/unm.fr\/en\/wp-json\/wp\/v2\/types\/post"}],"author":[{"embeddable":true,"href":"https:\/\/unm.fr\/en\/wp-json\/wp\/v2\/users\/7"}],"replies":[{"embeddable":true,"href":"https:\/\/unm.fr\/en\/wp-json\/wp\/v2\/comments?post=54438"}],"version-history":[{"count":1,"href":"https:\/\/unm.fr\/en\/wp-json\/wp\/v2\/posts\/54438\/revisions"}],"predecessor-version":[{"id":55405,"href":"https:\/\/unm.fr\/en\/wp-json\/wp\/v2\/posts\/54438\/revisions\/55405"}],"wp:featuredmedia":[{"embeddable":true,"href":"https:\/\/unm.fr\/en\/wp-json\/wp\/v2\/media\/54358"}],"wp:attachment":[{"href":"https:\/\/unm.fr\/en\/wp-json\/wp\/v2\/media?parent=54438"}],"wp:term":[{"taxonomy":"category","embeddable":true,"href":"https:\/\/unm.fr\/en\/wp-json\/wp\/v2\/categories?post=54438"},{"taxonomy":"post_tag","embeddable":true,"href":"https:\/\/unm.fr\/en\/wp-json\/wp\/v2\/tags?post=54438"},{"taxonomy":"normes-associees","embeddable":true,"href":"https:\/\/unm.fr\/en\/wp-json\/wp\/v2\/normes-associees?post=54438"},{"taxonomy":"thematique","embeddable":true,"href":"https:\/\/unm.fr\/en\/wp-json\/wp\/v2\/thematique?post=54438"}],"curies":[{"name":"wp","href":"https:\/\/api.w.org\/{rel}","templated":true}]}}