{"id":54437,"date":"2021-10-11T00:00:00","date_gmt":"2021-10-10T22:00:00","guid":{"rendered":"https:\/\/unm.fr\/reunions-de-liso-tc-213-une-restructuration-du-systeme-iso-gps\/"},"modified":"2022-11-18T17:50:04","modified_gmt":"2022-11-18T15:50:04","slug":"reunions-de-liso-tc-213-une-restructuration-du-systeme-iso-gps","status":"publish","type":"post","link":"https:\/\/unm.fr\/en\/actualite\/reunions-de-liso-tc-213-une-restructuration-du-systeme-iso-gps\/","title":{"rendered":"Restructuration du syst\u00e8me ISO GPS"},"content":{"rendered":"<p>Les experts fran\u00e7ais toujours mobilis\u00e9s pour cette troisi\u00e8me session de r\u00e9unions virtuelles.<\/p>\n<p>Paul Scott, animateur de l&#8217;AG 12, a ainsi propos\u00e9 une nouvelle hi\u00e9rarchie et une recat\u00e9gorisation des normes: conceptuel, fondamental, pratique et p\u00e9dagogique. L&#8217;AG 12 travaillera \u00e9galement sur les fondements scientifiques du GPS, notamment le &#8220;skin model&#8221;, en s&#8217;appuyant sur des programmes de recherche acad\u00e9mique.<\/p>\n<p>Outre ce chantier ouvert depuis 2020, de nombreux projets en cours ont \u00e9volu\u00e9, notamment gr\u00e2ce \u00e0 l&#8217;implication des experts fran\u00e7ais :<\/p>\n<h2>R\u00e9f\u00e9rences sp\u00e9cifi\u00e9es<\/h2>\n<p>Les travaux sur l&#8217;amendement \u00e0 l&#8217;ISO 5459, men\u00e9s par R\u00e9nald Vincent (Cetim) et Marie Royer (Safran Aircraft engines) se poursuivent. La r\u00e9vision compl\u00e8te de la norme reste d&#8217;actualit\u00e9 et fait toujours partie des travaux du groupe.<\/p>\n<h2>Principes GPS verticaux<\/h2>\n<p>Ce groupe de travail, anim\u00e9 par le R\u00e9nald Vincent (C\u00e9tim), progresse sur le nouveau projet de norme sur l&#8217;association, l&#8217;ISO 4351, et poursuit son travail sur les outils g\u00e9n\u00e9riques communs aux normes ISO GPS.<\/p>\n<h2>Partition<\/h2>\n<p>Les trois premi\u00e8res parties de la s\u00e9rie de normes ISO 18183 seront bient\u00f4t soumises au vote CD (Committee Draft &#8211; <em>Le vote CD est une \u00e9tape interm\u00e9diaire au cours de laquelle les pays doivent proc\u00e9der \u00e0 une \u00e9tude approfondie du texte et soumettre leurs observations techniques<\/em>). Le Chef de Projet de la partie 3 est Nabil Anwer (ENS Cachan).<\/p>\n<h2>Caract\u00e9ristiques m\u00e9trologiques des instruments<\/h2>\n<p>Le projet de la France sur les microm\u00e8tres d&#8217;int\u00e9rieur \u00e0 2 touches ISO 5059-1 a \u00e9t\u00e9 discut\u00e9 en r\u00e9union et va \u00eatre \u00e9galement soumis au vote CD (Committee Draft)*. Le Chef de Projet est R\u00e9nald Vincent (Cetim).<\/p>\n<p>Enfin, \u00e0 l&#8217;occasion des r\u00e9flexions men\u00e9es sur la future r\u00e9vision de l&#8217;ISO 1101:2007 &#8220;Tol\u00e9rancement de forme, orientation, position et battement&#8221;, des questions de coh\u00e9rence de la terminologie utilis\u00e9e dans les normes ISO GPS se posent. Un recensement des termes et d\u00e9finitions a \u00e9t\u00e9 effectu\u00e9 afin d&#8217;harmoniser les d\u00e9finitions d\u00e9j\u00e0 existantes.<\/p>\n<p>La prochaine session sera virtuelle et se tiendra du 1er au 25 f\u00e9vrier 2022.<\/p>\n<p>&nbsp;<\/p>\n<p>&nbsp;<\/p>\n","protected":false},"excerpt":{"rendered":"<p>L&#8217;ISO\/TC 213 a initi\u00e9 les travaux sur la structuration du syst\u00e8me ISO GPS, confi\u00e9s au groupe AG 12. Cette refonte a pour but d&#8217;aider \u00e0 planifier les futurs besoins en normes dans le contexte actuel de digitalisation.<\/p>\n","protected":false},"author":7,"featured_media":54356,"comment_status":"open","ping_status":"open","sticky":false,"template":"","format":"standard","meta":{"date-de-webinaire":0,"heure-webinaire":"","duree-webinaire":"","lien-bouton-cta":"","footnotes":""},"categories":[42],"tags":[],"normes-associees":[2965,2963,2962,2964,2961],"thematique":[86,78],"class_list":["post-54437","post","type-post","status-publish","format-standard","has-post-thumbnail","hentry","category-actualite","normes-associees-iso-1101","normes-associees-iso-18183","normes-associees-iso-4351","normes-associees-iso-5059-serie","normes-associees-iso-5459","thematique-composants-et-pieces-mecaniques","thematique-mecanique"],"_links":{"self":[{"href":"https:\/\/unm.fr\/en\/wp-json\/wp\/v2\/posts\/54437","targetHints":{"allow":["GET"]}}],"collection":[{"href":"https:\/\/unm.fr\/en\/wp-json\/wp\/v2\/posts"}],"about":[{"href":"https:\/\/unm.fr\/en\/wp-json\/wp\/v2\/types\/post"}],"author":[{"embeddable":true,"href":"https:\/\/unm.fr\/en\/wp-json\/wp\/v2\/users\/7"}],"replies":[{"embeddable":true,"href":"https:\/\/unm.fr\/en\/wp-json\/wp\/v2\/comments?post=54437"}],"version-history":[{"count":1,"href":"https:\/\/unm.fr\/en\/wp-json\/wp\/v2\/posts\/54437\/revisions"}],"predecessor-version":[{"id":55404,"href":"https:\/\/unm.fr\/en\/wp-json\/wp\/v2\/posts\/54437\/revisions\/55404"}],"wp:featuredmedia":[{"embeddable":true,"href":"https:\/\/unm.fr\/en\/wp-json\/wp\/v2\/media\/54356"}],"wp:attachment":[{"href":"https:\/\/unm.fr\/en\/wp-json\/wp\/v2\/media?parent=54437"}],"wp:term":[{"taxonomy":"category","embeddable":true,"href":"https:\/\/unm.fr\/en\/wp-json\/wp\/v2\/categories?post=54437"},{"taxonomy":"post_tag","embeddable":true,"href":"https:\/\/unm.fr\/en\/wp-json\/wp\/v2\/tags?post=54437"},{"taxonomy":"normes-associees","embeddable":true,"href":"https:\/\/unm.fr\/en\/wp-json\/wp\/v2\/normes-associees?post=54437"},{"taxonomy":"thematique","embeddable":true,"href":"https:\/\/unm.fr\/en\/wp-json\/wp\/v2\/thematique?post=54437"}],"curies":[{"name":"wp","href":"https:\/\/api.w.org\/{rel}","templated":true}]}}