{"id":54436,"date":"2021-10-12T00:00:00","date_gmt":"2021-10-11T22:00:00","guid":{"rendered":"https:\/\/unm.fr\/lunm-etend-son-activite-au-domaine-des-industries-de-la-fonderie\/"},"modified":"2022-11-18T17:48:45","modified_gmt":"2022-11-18T15:48:45","slug":"lunm-etend-son-activite-au-domaine-des-industries-de-la-fonderie","status":"publish","type":"post","link":"https:\/\/unm.fr\/en\/actualite\/lunm-etend-son-activite-au-domaine-des-industries-de-la-fonderie\/","title":{"rendered":"L\u2019UNM \u00e9tend son activit\u00e9 au domaine des industries de la fonderie"},"content":{"rendered":"<p>Le D\u00e9l\u00e9gu\u00e9 Interminist\u00e9riel aux Normes (DIN), R\u00e9mi STEFANINI a publi\u00e9 le 12&nbsp;octobre 2021 un arr\u00eat\u00e9 \u00e9tendant le domaine d\u2019agr\u00e9ment de l\u2019UNM, \u00e0 compter du 1er novembre 2021, aux \u00ab mati\u00e8res premi\u00e8res, produits interm\u00e9diaires ou finis, outillages et mat\u00e9riels propres aux industries de la fonderie \u00bb.<\/p>\n<p>C\u2019est l\u2019aboutissement d\u2019un long processus, engag\u00e9 depuis plusieurs ann\u00e9es \u00e0 l\u2019initiative de F\u00e9d\u00e9ration des Industries M\u00e9caniques-FIM et la F\u00e9d\u00e9ration Forge Fonderie-FFF, qui s\u2019est acc\u00e9l\u00e9r\u00e9 ces derniers mois dans le contexte du projet de rapprochement entre le CETIM et le CTIF (Centre Technique des Industries de la Fonderie, qui h\u00e9bergeait le BNIF).<\/p>\n<p>Dans ce cadre, les gouvernances des deux professions, F\u00e9d\u00e9ration des Industries M\u00e9caniques-FIM d\u2019une part, F\u00e9d\u00e9ration Forge Fonderie-FFF d\u2019autre part, avaient identifi\u00e9 comme \u00e9tape prioritaire le rattachement des activit\u00e9s de normalisation de la fonderie \u00e0 celui de la m\u00e9canique.<\/p>\n<p>Cette op\u00e9ration a par ailleurs re\u00e7u le soutien de l\u2019ensemble des structures de gouvernance du Syst\u00e8me fran\u00e7ais de Normalisation, Cos IBEM, CCPN, ainsi que du Conseil d\u2019Administration d\u2019AFNOR.<\/p>\n<p>Concr\u00e8tement, l\u2019UNM reprend l\u2019ensemble des commissions de normalisation du BNIF \u00e0 compter du 1er novembre, les secr\u00e9tariats d\u2019instances europ\u00e9ennes (CEN) du domaine, ainsi bien entendu que la gestion du parc de normes.<\/p>\n<p>La profession, FFF et CTIF, souhaite par ailleurs profiter de cette occasion pour remobiliser les industriels du secteur autour de la normalisation : plusieurs \u00e9v\u00e8nements seront organis\u00e9s avec l\u2019UNM entre la fin 2021 et le d\u00e9but 2022 pour encourager les experts \u00e0 s\u2019impliquer dans les travaux de l\u2019UNM.<\/p>\n<p>Autre axe important pour encourager la participation des experts : la gratuit\u00e9. Le CTIF, en 2022, puis le CETIM \u00e0 compter de 2023, se sont en effet engag\u00e9s \u00e0 prendre en charge durablement le co\u00fbt des si\u00e8ges des experts fondeurs dans les commissions de normalisation de l\u2019UNM.<\/p>\n<p style=\"margin:0cm 0cm 8pt\"><span style=\"margin:0cm 0cm 8pt;\">Nic<\/span>olas GROSDIDIER, pr\u00e9sident de la FFF, d\u00e9clare&nbsp;: <span style=\"margin:0cm 0cm 8pt;\">\u00ab&nbsp;<\/span><em><span style=\"margin:0cm 0cm 8pt;\">Par le<\/span> mouvement global d\u2019adaptation des outils au service de la profession de la fonderie, comme de celle de la forge, initi\u00e9 ces derni\u00e8res ann\u00e9es, consolidation des liens avec la FIM, recentrage op\u00e9rationnel de FFF, rapprochement du CTIF et du CETIM, nous ne poursuivons qu\u2019un objectif&nbsp;: cr\u00e9er plus de valeur pour nos entreprises et toujours mieux les accompagner pour relever les d\u00e9fis d\u2019aujourd\u2019hui et demain. Confier la normalisation de la fonderie \u00e0 l\u2019UNM est un \u00e9l\u00e9ment et un moment cl\u00e9 de cette d\u00e9marche&nbsp;: la normalisation est un enjeu au c\u0153ur de ces d\u00e9fis, l\u2019UNM, avec l\u2019implication du CETIM-CTIF, l\u2019outil le plus adapt\u00e9 et le plus efficace pour y r\u00e9pondre.&nbsp;<\/em><span style=\"font-size:11pt\"><span style=\"line-height:107%\"><span style=\"font-family:Calibri,sans-serif\">\u00bb<\/span><\/span><\/span><\/p>\n<p>J\u00e9r\u00f4me BATAILLE, pr\u00e9sident de l\u2019UNM, s\u2019est r\u00e9joui que cette op\u00e9ration ait pu \u00eatre men\u00e9e \u00e0 bien : \u00ab <em>L\u2019UNM assurait d\u00e9j\u00e0 la normalisation de la forge. La FFF est membre depuis plusieurs ann\u00e9es de la FIM. Cette fusion est par cons\u00e9quent naturelle, apporte de la coh\u00e9rence et de la visibilit\u00e9 aux industriels du domaine. Je sais que les \u00e9quipes de l\u2019UNM, qui se sont fortement investies pour que le projet aboutisse, auront \u00e0 c\u0153ur de dynamiser l\u2019activit\u00e9 pour le plus grand int\u00e9r\u00eat des industriels de la fonderie<\/em><span style=\"margin:0cm 0cm 8pt;\">. \u00bb<\/span><\/p>\n<p>&nbsp;<\/p>\n<p>Cr\u00e9dit photo : SHUTTERSTOCK.<\/p>\n","protected":false},"excerpt":{"rendered":"<p>C&#8217;est officiel : l&#8217;UNM reprend l&#8217;activit\u00e9 du Bureau de Normalisation des Industries de la Fonderie \u00e0 compter du 1er novembre 2021.<\/p>\n","protected":false},"author":7,"featured_media":54354,"comment_status":"open","ping_status":"open","sticky":false,"template":"","format":"standard","meta":{"date-de-webinaire":0,"heure-webinaire":"","duree-webinaire":"","lien-bouton-cta":"","footnotes":""},"categories":[42],"tags":[],"normes-associees":[],"thematique":[82,2897],"class_list":["post-54436","post","type-post","status-publish","format-standard","has-post-thumbnail","hentry","category-actualite","thematique-fonderie","thematique-vie-de-lunm"],"_links":{"self":[{"href":"https:\/\/unm.fr\/en\/wp-json\/wp\/v2\/posts\/54436","targetHints":{"allow":["GET"]}}],"collection":[{"href":"https:\/\/unm.fr\/en\/wp-json\/wp\/v2\/posts"}],"about":[{"href":"https:\/\/unm.fr\/en\/wp-json\/wp\/v2\/types\/post"}],"author":[{"embeddable":true,"href":"https:\/\/unm.fr\/en\/wp-json\/wp\/v2\/users\/7"}],"replies":[{"embeddable":true,"href":"https:\/\/unm.fr\/en\/wp-json\/wp\/v2\/comments?post=54436"}],"version-history":[{"count":1,"href":"https:\/\/unm.fr\/en\/wp-json\/wp\/v2\/posts\/54436\/revisions"}],"predecessor-version":[{"id":55403,"href":"https:\/\/unm.fr\/en\/wp-json\/wp\/v2\/posts\/54436\/revisions\/55403"}],"wp:featuredmedia":[{"embeddable":true,"href":"https:\/\/unm.fr\/en\/wp-json\/wp\/v2\/media\/54354"}],"wp:attachment":[{"href":"https:\/\/unm.fr\/en\/wp-json\/wp\/v2\/media?parent=54436"}],"wp:term":[{"taxonomy":"category","embeddable":true,"href":"https:\/\/unm.fr\/en\/wp-json\/wp\/v2\/categories?post=54436"},{"taxonomy":"post_tag","embeddable":true,"href":"https:\/\/unm.fr\/en\/wp-json\/wp\/v2\/tags?post=54436"},{"taxonomy":"normes-associees","embeddable":true,"href":"https:\/\/unm.fr\/en\/wp-json\/wp\/v2\/normes-associees?post=54436"},{"taxonomy":"thematique","embeddable":true,"href":"https:\/\/unm.fr\/en\/wp-json\/wp\/v2\/thematique?post=54436"}],"curies":[{"name":"wp","href":"https:\/\/api.w.org\/{rel}","templated":true}]}}