{"id":54433,"date":"2021-11-10T00:00:00","date_gmt":"2021-11-09T22:00:00","guid":{"rendered":"https:\/\/unm.fr\/fixations\/"},"modified":"2023-04-25T14:16:51","modified_gmt":"2023-04-25T13:16:51","slug":"fixations","status":"publish","type":"post","link":"https:\/\/unm.fr\/en\/actualite\/fixations\/","title":{"rendered":"Fixations"},"content":{"rendered":"<p>Les pays membres r\u00e9pondent pr\u00e9sent au rendez-vous annuel du Comit\u00e9 technique international sur les fixations.<\/p>\n<p>Les r\u00e9unions pl\u00e9ni\u00e8res annuelles de l\u2019ISO\/TC 2 \u00ab Fixations \u00bb et de plusieurs de ses sous-comit\u00e9s ont eu lieu du 18 au 22 octobre 2021. Cette nouvelle session virtuelle a r\u00e9uni 11 pays : Allemagne, Canada, Chine, Etats-Unis, France, Inde, Italie, Japon, Su\u00e8de et Royaume-Uni et Ukraine.<\/p>\n<p>Dans tous les sous-comit\u00e9s et groupes de travail, le constat a \u00e9t\u00e9 fait que la plupart des projets ont pris du retard \u00e0 cause de la situation sanitaire. Le Comit\u00e9 technique et ses sous-comit\u00e9s poursuivent n\u00e9anmoins leur activit\u00e9, comme en t\u00e9moignent les d\u00e9cisions prises lors des r\u00e9unions. &nbsp;<\/p>\n<p>Le sous-comit\u00e9 13 (Fixations \u00e0 filetage non m\u00e9trique) a d\u00e9but\u00e9 la semaine par la r\u00e9solution des commentaires du vote technique (CD) sur l&#8217;ISO 2702 <em>Caract\u00e9ristiques m\u00e9caniques des vis \u00e0 t\u00f4les<\/em>. Les points techniques difficiles ayant \u00e9t\u00e9 r\u00e9solus lors des pr\u00e9c\u00e9dentes r\u00e9unions du SC 13, le projet r\u00e9vis\u00e9 sera soumis \u00e0 l&#8217;\u00e9tape suivante en 2022 (vote DIS pendant lequel une enqu\u00eate publique sera r\u00e9alis\u00e9e au niveau national).<\/p>\n<p>Le sous-comit\u00e9 11 (Fixations \u00e0 filetage m\u00e9trique ext\u00e9rieur) a ajout\u00e9 \u00e0 son programme un nouveau projet sur les caract\u00e9ristiques des vis de gros diam\u00e8tres sup\u00e9rieurs \u00e0 39 mm et jusqu&#8217;\u00e0 100 mm (ISO 898-11). Le sujet est inscrit au stade pr\u00e9liminaire et sa gestion est confi\u00e9e \u00e0 la France. Ce projet se base sur l&#8217;ISO 898-1 dont il reprend la structure et sur les caract\u00e9ristiques d\u00e9finies dans la norme NF E 25-805, fruit du travail de l&#8217;UNM 041.<\/p>\n<p>Le sous-comit\u00e9 12 (Fixations \u00e0 filetage m\u00e9trique int\u00e9rieur), a d\u00e9cid\u00e9 de faire progresser les 6 normes d&#8217;\u00e9crous hexagonaux, pilot\u00e9s par la France, au vote DIS. Ces projets seront soumis \u00e0 une enqu\u00eate publique en 2022. De plus, une r\u00e9union du SC 12 est pr\u00e9vue par web conf\u00e9rence les 27 et 28 janvier 2022 pour traiter les commentaires du vote DIS re\u00e7us sur l&#8217;ISO 898-2 <em>Caract\u00e9ristiques m\u00e9caniques des \u00e9crous<\/em>.<\/p>\n<p>Si ces projets vous int\u00e9ressent, vous pouvez suivre leur \u00e9volution sur le site <a href=\"https:\/\/norminfo.afnor.org\/\" target=\"_blank\" rel=\"noopener\">https:\/\/norminfo.afnor.org\/<\/a> et \u00eatre averti du lancement des enqu\u00eates publiques.<\/p>\n<p>&nbsp;<\/p>\n<p>Cr\u00e9dit photo : Sofast Technologie<\/p>\n","protected":false},"excerpt":{"rendered":"<p>Les r\u00e9unions pl\u00e9ni\u00e8res annuelles de l&#8217;ISO\/TC2 \u00abFixations\u00bb et de plusieurs de ses sous-comit\u00e9s ont eu lieu du 18 au 22 octobre 2022.<\/p>\n","protected":false},"author":7,"featured_media":54366,"comment_status":"open","ping_status":"open","sticky":false,"template":"","format":"standard","meta":{"date-de-webinaire":0,"heure-webinaire":"","duree-webinaire":"","lien-bouton-cta":"","footnotes":""},"categories":[42],"tags":[],"normes-associees":[3288,2958],"thematique":[86],"class_list":["post-54433","post","type-post","status-publish","format-standard","has-post-thumbnail","hentry","category-actualite","normes-associees-en-iso-898-serie","normes-associees-iso-2702","thematique-composants-et-pieces-mecaniques"],"_links":{"self":[{"href":"https:\/\/unm.fr\/en\/wp-json\/wp\/v2\/posts\/54433","targetHints":{"allow":["GET"]}}],"collection":[{"href":"https:\/\/unm.fr\/en\/wp-json\/wp\/v2\/posts"}],"about":[{"href":"https:\/\/unm.fr\/en\/wp-json\/wp\/v2\/types\/post"}],"author":[{"embeddable":true,"href":"https:\/\/unm.fr\/en\/wp-json\/wp\/v2\/users\/7"}],"replies":[{"embeddable":true,"href":"https:\/\/unm.fr\/en\/wp-json\/wp\/v2\/comments?post=54433"}],"version-history":[{"count":1,"href":"https:\/\/unm.fr\/en\/wp-json\/wp\/v2\/posts\/54433\/revisions"}],"predecessor-version":[{"id":55401,"href":"https:\/\/unm.fr\/en\/wp-json\/wp\/v2\/posts\/54433\/revisions\/55401"}],"wp:featuredmedia":[{"embeddable":true,"href":"https:\/\/unm.fr\/en\/wp-json\/wp\/v2\/media\/54366"}],"wp:attachment":[{"href":"https:\/\/unm.fr\/en\/wp-json\/wp\/v2\/media?parent=54433"}],"wp:term":[{"taxonomy":"category","embeddable":true,"href":"https:\/\/unm.fr\/en\/wp-json\/wp\/v2\/categories?post=54433"},{"taxonomy":"post_tag","embeddable":true,"href":"https:\/\/unm.fr\/en\/wp-json\/wp\/v2\/tags?post=54433"},{"taxonomy":"normes-associees","embeddable":true,"href":"https:\/\/unm.fr\/en\/wp-json\/wp\/v2\/normes-associees?post=54433"},{"taxonomy":"thematique","embeddable":true,"href":"https:\/\/unm.fr\/en\/wp-json\/wp\/v2\/thematique?post=54433"}],"curies":[{"name":"wp","href":"https:\/\/api.w.org\/{rel}","templated":true}]}}