{"id":54431,"date":"2021-12-06T00:00:00","date_gmt":"2021-12-05T22:00:00","guid":{"rendered":"https:\/\/unm.fr\/appareils-de-levage-a-charge-suspendue\/"},"modified":"2022-11-18T17:43:17","modified_gmt":"2022-11-18T15:43:17","slug":"appareils-de-levage-a-charge-suspendue","status":"publish","type":"post","link":"https:\/\/unm.fr\/en\/actualite\/appareils-de-levage-a-charge-suspendue\/","title":{"rendered":"Appareils de levage \u00e0 charge suspendue"},"content":{"rendered":"<p>L&#8217;ISO\/TC 96 et ses sous-comit\u00e9s se sont r\u00e9unis en visio-conf\u00e9rence entre septembre et fin octobre 2021 pour faire un bilan des actions men\u00e9es, d\u00e9finir la strat\u00e9gie et d\u00e9terminer les sujets prioritaires.<\/p>\n<p>C&#8217;est ainsi que les membres, repr\u00e9sentant l&#8217;Allemagne, l&#8217;Australie, la Chine, les Etats-Unis, la France, l&#8217;Italie, le Japon, la Su\u00e8de et le Royaume-Uni ont identifi\u00e9 un certain nombre de normes \u00e0 r\u00e9viser. L&#8217;Europe, et plus particuli\u00e8rement la France, s&#8217;est positionn\u00e9e sur les sujets jug\u00e9s prioritaires. En effet, c&#8217;est sous l&#8217;impulsion de chefs de projets europ\u00e9ens qu&#8217;il a \u00e9t\u00e9 d\u00e9cid\u00e9 de r\u00e9viser les normes suivantes, qui sont similaires aux&nbsp;normes europ\u00e9ennes \u00e9quivalentes :<\/p>\n<ul>\n<li>ISO 8686-1 &#8220;Principes de calcul des charges et des combinaisons de charge &#8211; Partie 1: G\u00e9n\u00e9ralit\u00e9s&#8221;<\/li>\n<li>ISO 16881-1 &#8220;Calcul de conception des galets et de la structure de support du chariot de roulement &#8211; Partie 1: G\u00e9n\u00e9ralit\u00e9s&#8221;, pilot\u00e9e par Bruno Depale (CETIM)<\/li>\n<li>ISO 8586-1 &#8220;Cabines et postes de conduite &#8211; Partie 1: G\u00e9n\u00e9ralit\u00e9s&#8221;<\/li>\n<li>ISO 11660-1 &#8220;Moyens d&#8217;acc\u00e8s, dispositifs de protection et de retenue &#8211; Partie 1 : G\u00e9n\u00e9ralit\u00e9s&#8221;, pilot\u00e9 par Emmanuel Kirchner (Manitowoc).<\/li>\n<\/ul>\n<p>La mise en r\u00e9vision de ces deux derni\u00e8res normes entrainent la cr\u00e9ation, au sein du SC 7 &#8220;Grues \u00e0 tour&#8221; pr\u00e9sid\u00e9 par Emmanuel Kirchner, d&#8217;un nouveau groupe de travail dont il assurera l&#8217;animation et dont le secr\u00e9tariat sera assur\u00e9 par Caroline Lecler, UNM.<\/p>\n<p>La France assure \u00e9galement la pr\u00e9sidence et le secr\u00e9tariat de l&#8217;ISO\/TC 96\/SC 2 &#8220;Terminologie&#8221; et SC 3 &#8220;S\u00e9lection des c\u00e2bles&#8221;.<\/p>\n<p>La norme de r\u00e9f\u00e9rence ISO 4306-1 &#8220;Vocabulaire des appareils de levage&#8221;, dont la derni\u00e8re \u00e9dition date de 2007, est en r\u00e9vision et une enqu\u00eate WD (Working draft) vient d&#8217;\u00eatre soumis au sein du SC 2, pr\u00e9sid\u00e9 par Bruno Depale. Ce dernier, \u00e0 la demande du comit\u00e9 technique, a collect\u00e9 tous les termes d\u00e9finis dans le portefeuille du TC pour r\u00e9pertorier les d\u00e9finitions dupliqu\u00e9es. Les sous-comit\u00e9s impact\u00e9s par ces doublons devront ensuite choisir la d\u00e9finition \u00e0 conserver.<\/p>\n<p>Au SC 3 &#8220;S\u00e9lection des c\u00e2bles&#8221;, l&#8217;ISO 16625 &#8220;Choix des c\u00e2bles, des tambours et des poulies&#8221;, pour la premi\u00e8re fois en r\u00e9vision, sera prochainement soumis \u00e0 enqu\u00eate.<\/p>\n<p>En outre, parmi les sujets en cours dans les diff\u00e9rents sous-comit\u00e9s, les th\u00e9matiques suivantes ont suscit\u00e9 un vif int\u00e9r\u00eat des participants :<\/p>\n<ul>\n<li>l&#8217;\u00e9laboration d&#8217;un document sur les \u00e9changes de donn\u00e9es (t\u00e9l\u00e9matiques) des appareils de levage \u00e0 charge suspendue, pilot\u00e9 par les Etats-Unis ;<\/li>\n<li>l&#8217;\u00e9valuation \u00e9nerg\u00e9tique des palans : les travaux doivent reprendre en vue de la mise \u00e0 disposition rapide d&#8217;un premier document pour permettre aux parties int\u00e9ress\u00e9es de r\u00e9aliser des essais.<\/li>\n<\/ul>\n<p>L&#8217;ensemble des acteurs se retrouveront \u00e0 Paris en octobre 2022 pour faire un \u00e9tat des lieux des travaux men\u00e9s pendant l&#8217;ann\u00e9e \u00e0 venir, qui s&#8217;annonce d&#8217;ores et d\u00e9j\u00e0 charg\u00e9e pour chaque sous-comit\u00e9.<\/p>\n<p>&nbsp;<\/p>\n<p>Cr\u00e9dit photo : Manitowoc.<\/p>\n","protected":false},"excerpt":{"rendered":"<p>Apr\u00e8s une ann\u00e9e en suspens du fait de la crise sanitaire, les membres du comit\u00e9 technique ISO\/TC 96 et de ses sous-comit\u00e9s sont parvenus \u00e0 se r\u00e9unir pour faire le point sur l&#8217;activit\u00e9 et d\u00e9finir la strat\u00e9gie.<\/p>\n","protected":false},"author":7,"featured_media":54380,"comment_status":"open","ping_status":"open","sticky":false,"template":"","format":"standard","meta":{"date-de-webinaire":0,"heure-webinaire":"","duree-webinaire":"","lien-bouton-cta":"","footnotes":""},"categories":[42],"tags":[],"normes-associees":[2956,2957,2954,2955,2953],"thematique":[87,78],"class_list":["post-54431","post","type-post","status-publish","format-standard","has-post-thumbnail","hentry","category-actualite","normes-associees-iso-11660-serie","normes-associees-iso-16625","normes-associees-iso-16881-serie","normes-associees-iso-8586-serie","normes-associees-iso-8686-serie","thematique-machines","thematique-mecanique"],"_links":{"self":[{"href":"https:\/\/unm.fr\/en\/wp-json\/wp\/v2\/posts\/54431","targetHints":{"allow":["GET"]}}],"collection":[{"href":"https:\/\/unm.fr\/en\/wp-json\/wp\/v2\/posts"}],"about":[{"href":"https:\/\/unm.fr\/en\/wp-json\/wp\/v2\/types\/post"}],"author":[{"embeddable":true,"href":"https:\/\/unm.fr\/en\/wp-json\/wp\/v2\/users\/7"}],"replies":[{"embeddable":true,"href":"https:\/\/unm.fr\/en\/wp-json\/wp\/v2\/comments?post=54431"}],"version-history":[{"count":1,"href":"https:\/\/unm.fr\/en\/wp-json\/wp\/v2\/posts\/54431\/revisions"}],"predecessor-version":[{"id":55399,"href":"https:\/\/unm.fr\/en\/wp-json\/wp\/v2\/posts\/54431\/revisions\/55399"}],"wp:featuredmedia":[{"embeddable":true,"href":"https:\/\/unm.fr\/en\/wp-json\/wp\/v2\/media\/54380"}],"wp:attachment":[{"href":"https:\/\/unm.fr\/en\/wp-json\/wp\/v2\/media?parent=54431"}],"wp:term":[{"taxonomy":"category","embeddable":true,"href":"https:\/\/unm.fr\/en\/wp-json\/wp\/v2\/categories?post=54431"},{"taxonomy":"post_tag","embeddable":true,"href":"https:\/\/unm.fr\/en\/wp-json\/wp\/v2\/tags?post=54431"},{"taxonomy":"normes-associees","embeddable":true,"href":"https:\/\/unm.fr\/en\/wp-json\/wp\/v2\/normes-associees?post=54431"},{"taxonomy":"thematique","embeddable":true,"href":"https:\/\/unm.fr\/en\/wp-json\/wp\/v2\/thematique?post=54431"}],"curies":[{"name":"wp","href":"https:\/\/api.w.org\/{rel}","templated":true}]}}