{"id":54429,"date":"2021-12-08T00:00:00","date_gmt":"2021-12-07T22:00:00","guid":{"rendered":"https:\/\/unm.fr\/normalisation-en-fonderie-les-industriels-se-mobilisent\/"},"modified":"2022-11-18T17:41:42","modified_gmt":"2022-11-18T15:41:42","slug":"normalisation-en-fonderie-les-industriels-se-mobilisent","status":"publish","type":"post","link":"https:\/\/unm.fr\/en\/actualite\/normalisation-en-fonderie-les-industriels-se-mobilisent\/","title":{"rendered":"Normalisation en fonderie : les industriels se mobilisent"},"content":{"rendered":"<p>Une premi\u00e8re r\u00e9union s\u2019est tenue le 3 d\u00e9cembre, organis\u00e9e conjointement par l\u2019UNM, la FFF (F\u00e9d\u00e9ration Forge Fonderie) et le CTIF (Centre technique des industries de la fonderie). Plus de 40 personnes ont r\u00e9pondu pr\u00e9sent, fondeurs et utilisateurs de produits de fonderie, grands donneurs d\u2019ordre tels EDF, SNCF ou encore ALSTOM.<\/p>\n<p>Apr\u00e8s la d\u00e9cision de transfert de l\u2019activit\u00e9 du BNIF (Bureau de Normalisation de la Fonderie) \u00e0 l\u2019UNM par le D\u00e9l\u00e9gu\u00e9 Interminist\u00e9riel aux Normes fin octobre dernier, l\u2019heure est d\u00e9sormais \u00e0 la mobilisation des industriels du domaine, essentielle, comme l\u2019a rappel\u00e9 Fr\u00e9d\u00e9ric Ducloyer, directeur g\u00e9n\u00e9ral de l\u2019UNM, pour actionner la normalisation comme levier de la performance et de l\u2019influence de l\u2019industrie fran\u00e7aise en Europe \u00e0 l\u2019international.<\/p>\n<p>Les enjeux sont nombreux, pr\u00e9sent\u00e9s par les pr\u00e9sidents des 7 commissions de normalisation en fonderie actuellement actives : des travaux en cours sur lesquels il faudra peser de mani\u00e8re plus importante, et des nouveaux besoins auxquels il faudrait r\u00e9pondre par des initiatives fran\u00e7aises\u2026<\/p>\n<p>Wilfrid Boyault, directeur g\u00e9n\u00e9ral de FFF, a tenu \u00e0 souligner la qualit\u00e9 et l\u2019importance du travail r\u00e9alis\u00e9 par le CTIF pour la profession depuis de nombreuses ann\u00e9es. Celui-ci, qui devient en 2022 CETIM-CTIF-Centre associ\u00e9, continuera \u00e0 apporter son expertise au sein des commissions de normalisation, et pourra se recentrer sur les travaux de R&amp;D, \u00e0 la base des futurs travaux de normalisation. Clotidle Macke-Bart, directrice Conseil et Innovation du CTIF, a d\u2019ailleurs donn\u00e9 un aper\u00e7u de quelques travaux de R&amp;D qui pourront le cas \u00e9ch\u00e9ant faire l\u2019objet de travaux de normalisation futurs, en particulier dans les domaine du digital (pr\u00e9diction, simulation, contr\u00f4le et d\u00e9fectologie, fabrication additive, IA\u2026) et de la transition \u00e9nerg\u00e9tique (recyclage mati\u00e8re, r\u00e9cup\u00e9ration de m\u00e9taux pr\u00e9cieux\u2026).<\/p>\n<p>Les \u00e9quipes de l\u2019UNM sont fortement mobilis\u00e9es pour accompagner les industriels dans leur engagement en normalisation. Catherine Lubineau, directrice technique, a invit\u00e9 tous les pr\u00e9sents \u00e0 participer \u00e0 la formation des experts propos\u00e9e par l\u2019UNM le 14 d\u00e9cembre 2021 et \u00e0 se rapprocher d\u2019H\u00e9l\u00e8ne CROS, chef de secteur, qui prend la responsabilit\u00e9 du domaine et qui sera donc l\u2019interlocutrice privil\u00e9gi\u00e9e de l\u2019ensemble des experts de la fonderie.<\/p>\n<p>\u00ab Agir pour ne pas subir \u00bb, \u00ab Qui tient la plume tient le pouvoir \u00bb : le message a \u00e9t\u00e9 re\u00e7u, rendez-vous est pris dans les premi\u00e8res r\u00e9unions des commissions de normalisation UNM de la fonderie d\u00e9but 2022.<\/p>\n<p>&nbsp;<\/p>\n<p>Cr\u00e9dit photos : CTIF.<\/p>\n","protected":false},"excerpt":{"rendered":"<p>Deuxi\u00e8me acte de la reprise de l&#8217;activit\u00e9 fonderie par l&#8217;UNM : la mobilisation des industriels du domaine et des grands donneurs d&#8217;ordre sur les enjeux et les travaux de normalisation \u00e0 venir.<\/p>\n","protected":false},"author":7,"featured_media":54376,"comment_status":"open","ping_status":"open","sticky":false,"template":"","format":"standard","meta":{"date-de-webinaire":0,"heure-webinaire":"","duree-webinaire":"","lien-bouton-cta":"","footnotes":""},"categories":[42],"tags":[],"normes-associees":[],"thematique":[82,78],"class_list":["post-54429","post","type-post","status-publish","format-standard","has-post-thumbnail","hentry","category-actualite","thematique-fonderie","thematique-mecanique"],"_links":{"self":[{"href":"https:\/\/unm.fr\/en\/wp-json\/wp\/v2\/posts\/54429","targetHints":{"allow":["GET"]}}],"collection":[{"href":"https:\/\/unm.fr\/en\/wp-json\/wp\/v2\/posts"}],"about":[{"href":"https:\/\/unm.fr\/en\/wp-json\/wp\/v2\/types\/post"}],"author":[{"embeddable":true,"href":"https:\/\/unm.fr\/en\/wp-json\/wp\/v2\/users\/7"}],"replies":[{"embeddable":true,"href":"https:\/\/unm.fr\/en\/wp-json\/wp\/v2\/comments?post=54429"}],"version-history":[{"count":1,"href":"https:\/\/unm.fr\/en\/wp-json\/wp\/v2\/posts\/54429\/revisions"}],"predecessor-version":[{"id":55397,"href":"https:\/\/unm.fr\/en\/wp-json\/wp\/v2\/posts\/54429\/revisions\/55397"}],"wp:featuredmedia":[{"embeddable":true,"href":"https:\/\/unm.fr\/en\/wp-json\/wp\/v2\/media\/54376"}],"wp:attachment":[{"href":"https:\/\/unm.fr\/en\/wp-json\/wp\/v2\/media?parent=54429"}],"wp:term":[{"taxonomy":"category","embeddable":true,"href":"https:\/\/unm.fr\/en\/wp-json\/wp\/v2\/categories?post=54429"},{"taxonomy":"post_tag","embeddable":true,"href":"https:\/\/unm.fr\/en\/wp-json\/wp\/v2\/tags?post=54429"},{"taxonomy":"normes-associees","embeddable":true,"href":"https:\/\/unm.fr\/en\/wp-json\/wp\/v2\/normes-associees?post=54429"},{"taxonomy":"thematique","embeddable":true,"href":"https:\/\/unm.fr\/en\/wp-json\/wp\/v2\/thematique?post=54429"}],"curies":[{"name":"wp","href":"https:\/\/api.w.org\/{rel}","templated":true}]}}