{"id":54428,"date":"2021-12-09T00:00:00","date_gmt":"2021-12-08T22:00:00","guid":{"rendered":"https:\/\/unm.fr\/comite-de-liaison-des-appareils-a-pression-clap\/"},"modified":"2022-11-18T17:39:45","modified_gmt":"2022-11-18T15:39:45","slug":"comite-de-liaison-des-appareils-a-pression-clap","status":"publish","type":"post","link":"https:\/\/unm.fr\/en\/actualite\/comite-de-liaison-des-appareils-a-pression-clap\/","title":{"rendered":"Comit\u00e9 de liaison des appareils \u00e0 pression (CLAP)"},"content":{"rendered":"<p>Le pr\u00e9sident du CLAP, Francis Lascroux (EDF), chef d&#8217;orchestre de ce webinaire qui a rassembl\u00e9 une soixantaine de personnes, a pass\u00e9 le relais aux six intervenants qui ont chacun illustr\u00e9 la th\u00e9matique de l&#8217;acc\u00e8s et de la surveillance du march\u00e9 pour les \u00e9quipements sous pression sous un angle diff\u00e9rent.<\/p>\n<p>Le premier intervenant, Simon Emeny (Lloyd&#8217;s Register) a r\u00e9pondu lors de sa pr\u00e9sentation sur la situation au Royaume-Uni \u00e0 l&#8217;issue du BREXIT, aux interrogations sur la mise sur le march\u00e9 des produits en Angleterre, Pays de Galles et Ecosse : qu&#8217;est-ce que le BREXIT, qu&#8217;est-ce que le UKCA, quand devient obligatoire le marquage UKCA, quels secteurs sont couverts par le marquage UKCA, qu\u2019en est-il des produits existants et quid de l&#8217;Irlande du Nord ?<\/p>\n<p>Puis est intervenu Rudy Ravoi du minist\u00e8re de la transition \u00e9cologique pour informer des actions men\u00e9es par les autorit\u00e9s nationales concernant la surveillance du march\u00e9 et des enjeux dans ce domaine, notamment :<\/p>\n<ul>\n<li>garantir la conformit\u00e9 \u00e0 la l\u00e9gislation harmonis\u00e9e europ\u00e9enne ; et<\/li>\n<li>cr\u00e9er des conditions indispensables \u00e0 une concurrence loyale pour la protection de tous les acteurs (fabricants, autres op\u00e9rateurs \u00e9conomiques, organismes notifi\u00e9s, utilisateurs finaux).<\/li>\n<\/ul>\n<p>Christophe Bochaton (AQUAP) a quant \u00e0 lui abord\u00e9 ce sujet du point de vue des des organismes notifi\u00e9s en pr\u00e9sentant le CABF (Conformity Assessment Bodies Forum ou Forum des organismes d&#8217;\u00e9valuation de la conformit\u00e9), lieu d&#8217;\u00e9changes entre organismes d\u00e9di\u00e9 \u00e0 am\u00e9liorer l&#8217;application des proc\u00e9dures d&#8217;\u00e9valuation de la conformit\u00e9 de la DESP, ainsi que les recommandations \u00e9mises par le CABF.<\/p>\n<p>Pour conclure, Hans d&#8217;Hooge, le repr\u00e9sentant de la Commission Europ\u00e9enne, a pr\u00e9sent\u00e9 la prochaine \u00e9valuation du nouveau cadre l\u00e9gislatif (New Legal Framework ou NLF), le Guide Bleu relatif \u00e0 la mise en \u0153uvre de la r\u00e9glementation de l&#8217;UE sur les produits, les normes harmonis\u00e9es selon la DESP ainsi que les principes des nouvelles demandes de normalisation.<br \/>\nCette pr\u00e9sentation a \u00e9t\u00e9 compl\u00e9t\u00e9e par un expos\u00e9 sur les normes harmonis\u00e9es assur\u00e9 par Nadi\u00e8ge Ludivion (UNM) et David Krupka (AFNOR).<\/p>\n<p>&nbsp;<\/p>\n","protected":false},"excerpt":{"rendered":"<p>Le Comit\u00e9 de liaison des appareils \u00e0 pression (CLAP) a tenu sa session \u00e9largie le 18 novembre 2021 sur la th\u00e9matique de l&#8217;acc\u00e8s et de la surveillance du march\u00e9.<\/p>\n","protected":false},"author":7,"featured_media":54374,"comment_status":"open","ping_status":"open","sticky":false,"template":"","format":"standard","meta":{"date-de-webinaire":0,"heure-webinaire":"","duree-webinaire":"","lien-bouton-cta":"","footnotes":""},"categories":[42],"tags":[],"normes-associees":[],"thematique":[87,78,88],"class_list":["post-54428","post","type-post","status-publish","format-standard","has-post-thumbnail","hentry","category-actualite","thematique-machines","thematique-mecanique","thematique-vie-du-systeme-de-normalisation"],"_links":{"self":[{"href":"https:\/\/unm.fr\/en\/wp-json\/wp\/v2\/posts\/54428","targetHints":{"allow":["GET"]}}],"collection":[{"href":"https:\/\/unm.fr\/en\/wp-json\/wp\/v2\/posts"}],"about":[{"href":"https:\/\/unm.fr\/en\/wp-json\/wp\/v2\/types\/post"}],"author":[{"embeddable":true,"href":"https:\/\/unm.fr\/en\/wp-json\/wp\/v2\/users\/7"}],"replies":[{"embeddable":true,"href":"https:\/\/unm.fr\/en\/wp-json\/wp\/v2\/comments?post=54428"}],"version-history":[{"count":1,"href":"https:\/\/unm.fr\/en\/wp-json\/wp\/v2\/posts\/54428\/revisions"}],"predecessor-version":[{"id":55396,"href":"https:\/\/unm.fr\/en\/wp-json\/wp\/v2\/posts\/54428\/revisions\/55396"}],"wp:featuredmedia":[{"embeddable":true,"href":"https:\/\/unm.fr\/en\/wp-json\/wp\/v2\/media\/54374"}],"wp:attachment":[{"href":"https:\/\/unm.fr\/en\/wp-json\/wp\/v2\/media?parent=54428"}],"wp:term":[{"taxonomy":"category","embeddable":true,"href":"https:\/\/unm.fr\/en\/wp-json\/wp\/v2\/categories?post=54428"},{"taxonomy":"post_tag","embeddable":true,"href":"https:\/\/unm.fr\/en\/wp-json\/wp\/v2\/tags?post=54428"},{"taxonomy":"normes-associees","embeddable":true,"href":"https:\/\/unm.fr\/en\/wp-json\/wp\/v2\/normes-associees?post=54428"},{"taxonomy":"thematique","embeddable":true,"href":"https:\/\/unm.fr\/en\/wp-json\/wp\/v2\/thematique?post=54428"}],"curies":[{"name":"wp","href":"https:\/\/api.w.org\/{rel}","templated":true}]}}