{"id":54421,"date":"2022-01-17T00:00:00","date_gmt":"2022-01-16T22:00:00","guid":{"rendered":"https:\/\/unm.fr\/comite-dorientation-2021\/"},"modified":"2022-11-18T17:31:12","modified_gmt":"2022-11-18T15:31:12","slug":"comite-dorientation-2021","status":"publish","type":"post","link":"https:\/\/unm.fr\/en\/actualite\/comite-dorientation-2021\/","title":{"rendered":"Comit\u00e9 d&#8217;Orientation 2021 : Economie circulaire"},"content":{"rendered":"<p>Rendez-vous incontournable, le Comit\u00e9 d&#8217;Orientation se r\u00e9unit afin de dresser le bilan de l&#8217;ann\u00e9e \u00e9coul\u00e9e, mais surtout d&#8217;approuver le programme de l\u2019UNM pour les trois ann\u00e9es \u00e0 venir.<br \/>\nLe Comit\u00e9 d&#8217;orientation offre un espace d&#8217;\u00e9changes o\u00f9 plusieurs th\u00e9matiques, jug\u00e9es prioritaires par le CCPN (comit\u00e9 de coordination et de pilotage de la normalisation), sont discut\u00e9es afin d\u2019en d\u00e9gager des axes de r\u00e9flexion.<\/p>\n<p>Cette ann\u00e9e, deux th\u00e9matiques transverses ont \u00e9t\u00e9 mises en avant, afin d\u2019en d\u00e9gager des axes de r\u00e9flexion pour la normalisation m\u00e9canique, caoutchouc, acier et fonderie :<\/p>\n<ul>\n<li>l\u2019impact des enjeux soci\u00e9taux environnementaux avec des d\u00e9clinaisons dans l\u2019industrie et dans une organisation professionnelle de l&#8217;\u00e9conomie circulaire<\/li>\n<li>l\u2019impact de la digitalisation de l\u2019industrie avec une vision d&#8217;ensemble puis un focus sur les essais virtuels.<\/li>\n<\/ul>\n<p>Cet article traitera plus sp\u00e9cifiquement de l&#8217;\u00e9conomie circulaire, et les essais virtuels feront l&#8217;objet d&#8217;un prochain article.<\/p>\n<p>Le th\u00e8me de l&#8217;\u00e9conomie circulaire regroupe de nombreux concepts tr\u00e8s diff\u00e9rents et peut conduire \u00e0 des modifications profondes de la conception des produits : r\u00e9utilisation de mati\u00e8re, pr\u00e9vision de la fin de vie d\u00e8s la conception, prolongation de la dur\u00e9e de vie,\u2026 . Si le dernier comit\u00e9 d&#8217;orientation avait offert un \u00e9tat des lieux de la normalisation sur le sujet, cette ann\u00e9e il s&#8217;est focalis\u00e9 sur la strat\u00e9gie d&#8217;entreprise et la strat\u00e9gie d&#8217;une organisation professionnelle.<\/p>\n<p>D&#8217;apr\u00e8s Fanny Boileau, Coordinatrice d\u00e9veloppement durable chez SEB, l&#8217;\u00e9conomie circulaire s&#8217;inscrit pleinement dans la strat\u00e9gie d\u00e9veloppement durable du groupe. En effet, la qualit\u00e9 est le premier maillon de la durabilit\u00e9 d\u2019un produit. Cela passe par le respect des r\u00e9glementations et normes dans tous les pays, le contr\u00f4le du niveau de qualit\u00e9 \u00e0 toutes les \u00e9tapes, l&#8217;am\u00e9lioration continue et les essais d&#8217;endurance. Puis vient la prise en compte de l&#8217;\u00e9co-conception. Un produit \u00e9cocon\u00e7u est un produit recyclable, durable, dont l&#8217;efficacit\u00e9 \u00e9nerg\u00e9tique a \u00e9t\u00e9 am\u00e9lior\u00e9e, et\/ou en mat\u00e9riaux recycl\u00e9s et disposant d&#8217;un \u00e9co-packaging.<\/p>\n<p>De son c\u00f4t\u00e9, la profession des fen\u00eatres a pris ce sujet \u00e0 bras le corps et redouble d&#8217;initiatives. L&#8217;UFME (union de fabricants de menuiserie) a mis au point des outils pour soutenir les industriels dans leur d\u00e9marche d&#8217;\u00e9conomie circulaire, pr\u00e9sent\u00e9s par Ludivine Menez, D\u00e9l\u00e9gu\u00e9e technique \u00e0 l&#8217;UFME.<br \/>\nL&#8217;UFME a \u00e9galement mis au point une charte pour le recyclage des menuiseries visant \u00e0 promouvoir les bonnes pratiques de collecte et traitement des menuiseries en fin de vie en vue de leur meilleure valorisation, \u00e0 privil\u00e9gier le recyclage en boucle ferm\u00e9e et \u00e0 privil\u00e9gier les produits incorporant des mati\u00e8res recycl\u00e9es (20% de rPVC en 2025). Cette charte a eu pour cons\u00e9quence le doublement des volumes collect\u00e9s et recycl\u00e9s, la mobilisation des fabricants et de leurs clients installateurs, l&#8217;obtention de solutions pour la collecte et la valorisation des menuiseries en fin de vie tous mat\u00e9riaux, alternative \u00e0 l\u2019enfouissement.<br \/>\nAvec un bilan \u00e9conomique positif et un objectif d&#8217;augmenter la part de mati\u00e8re recycl\u00e9e dans les produits pour am\u00e9liorer leur bilan environnemental. La mise \u00e0 disposition par la profession de FDES collectives a permis de mettre au point un indicateur r\u00e9chauffement climatique r\u00e9v\u00e9lateur des pratiques de la profession et de mettre en \u00e9vidence les aspects critiques : la production des profil\u00e9s et du vitrage correspond \u00e0 75% des \u00e9missions de CO2 d\u2019une fen\u00eatre. Pour am\u00e9liorer la situation, la profession travaille \u00e0 utilisation de mati\u00e8res recycl\u00e9es. L&#8217;engagement collectif et de l\u2019implication de chaque maillon de la fili\u00e8re sont fondamentaux pour la r\u00e9ussite de la d\u00e9marche.<\/p>\n<p>C\u00f4t\u00e9 UNM, un groupe de r\u00e9flexion a \u00e9t\u00e9 constitu\u00e9 au sein de la commission UNM 01 afin de clarifier les concepts d\u2019\u00e9conomie circulaire, et leur d\u00e9clinaison \u00e0 la m\u00e9canique, d&#8217;identifier le r\u00e9f\u00e9rentiel normatif et \u00e9ventuellement le consolider, et d&#8217;expliquer l\u2019articulation entre ces normes. Le groupe examinera l\u2019applicabilit\u00e9 des normes sur la base de projets pilotes de produits et fera remonter la m\u00e9thodologie obtenue et les besoins dans les normes g\u00e9n\u00e9rales. Le premier sujet identifi\u00e9 est celui de la durabilit\u00e9.<\/p>\n<p>Rendez-vous dans la newsletter du mois prochain pour un focus sur les essais virtuels !<\/p>\n<p>&nbsp;<\/p>\n<p>Cr\u00e9dit photo : SHUTTERSTOCK.<\/p>\n","protected":false},"excerpt":{"rendered":"<p>Economie circulaire, normalisation fonderie, influence fran\u00e7aise, simulation num\u00e9rique&hellip; autant d&#8217;enjeux pour l&#8217;avenir soulev\u00e9s lors du comit\u00e9 d&#8217;orientation 2021 de l&#8217;UNM.<\/p>\n","protected":false},"author":7,"featured_media":54382,"comment_status":"open","ping_status":"open","sticky":false,"template":"","format":"standard","meta":{"date-de-webinaire":0,"heure-webinaire":"","duree-webinaire":"","lien-bouton-cta":"","footnotes":""},"categories":[42],"tags":[],"normes-associees":[],"thematique":[2897],"class_list":["post-54421","post","type-post","status-publish","format-standard","has-post-thumbnail","hentry","category-actualite","thematique-vie-de-lunm"],"_links":{"self":[{"href":"https:\/\/unm.fr\/en\/wp-json\/wp\/v2\/posts\/54421","targetHints":{"allow":["GET"]}}],"collection":[{"href":"https:\/\/unm.fr\/en\/wp-json\/wp\/v2\/posts"}],"about":[{"href":"https:\/\/unm.fr\/en\/wp-json\/wp\/v2\/types\/post"}],"author":[{"embeddable":true,"href":"https:\/\/unm.fr\/en\/wp-json\/wp\/v2\/users\/7"}],"replies":[{"embeddable":true,"href":"https:\/\/unm.fr\/en\/wp-json\/wp\/v2\/comments?post=54421"}],"version-history":[{"count":1,"href":"https:\/\/unm.fr\/en\/wp-json\/wp\/v2\/posts\/54421\/revisions"}],"predecessor-version":[{"id":55391,"href":"https:\/\/unm.fr\/en\/wp-json\/wp\/v2\/posts\/54421\/revisions\/55391"}],"wp:featuredmedia":[{"embeddable":true,"href":"https:\/\/unm.fr\/en\/wp-json\/wp\/v2\/media\/54382"}],"wp:attachment":[{"href":"https:\/\/unm.fr\/en\/wp-json\/wp\/v2\/media?parent=54421"}],"wp:term":[{"taxonomy":"category","embeddable":true,"href":"https:\/\/unm.fr\/en\/wp-json\/wp\/v2\/categories?post=54421"},{"taxonomy":"post_tag","embeddable":true,"href":"https:\/\/unm.fr\/en\/wp-json\/wp\/v2\/tags?post=54421"},{"taxonomy":"normes-associees","embeddable":true,"href":"https:\/\/unm.fr\/en\/wp-json\/wp\/v2\/normes-associees?post=54421"},{"taxonomy":"thematique","embeddable":true,"href":"https:\/\/unm.fr\/en\/wp-json\/wp\/v2\/thematique?post=54421"}],"curies":[{"name":"wp","href":"https:\/\/api.w.org\/{rel}","templated":true}]}}