{"id":54101,"date":"2022-03-25T17:35:38","date_gmt":"2022-03-25T15:35:38","guid":{"rendered":"https:\/\/unm.fr\/denis-schnoebelen-nouveau-president-de-lunm\/"},"modified":"2022-11-04T01:59:07","modified_gmt":"2022-11-03T23:59:07","slug":"denis-schnoebelen-nouveau-president-de-lunm","status":"publish","type":"post","link":"https:\/\/unm.fr\/en\/actualite\/denis-schnoebelen-nouveau-president-de-lunm\/","title":{"rendered":"Denis SCHNOEBELEN, nouveau Pr\u00e9sident de l\u2019UNM"},"content":{"rendered":"\t\t<div data-elementor-type=\"wp-post\" data-elementor-id=\"54101\" class=\"elementor elementor-54101\" data-elementor-post-type=\"post\">\n\t\t\t\t<div class=\"elementor-element elementor-element-dd3a8d8 e-flex e-con-boxed e-con e-parent\" data-id=\"dd3a8d8\" data-element_type=\"container\" data-e-type=\"container\" data-settings=\"{&quot;jet_parallax_layout_list&quot;:[]}\">\n\t\t\t\t\t<div class=\"e-con-inner\">\n\t\t<div class=\"elementor-element elementor-element-3e4e075 e-con-full e-flex e-con e-parent\" data-id=\"3e4e075\" data-element_type=\"container\" data-e-type=\"container\" data-settings=\"{&quot;jet_parallax_layout_list&quot;:[]}\">\n\t\t\t\t<div class=\"elementor-element elementor-element-2d581fa elementor-widget__width-inherit elementor-widget elementor-widget-image\" data-id=\"2d581fa\" data-element_type=\"widget\" data-e-type=\"widget\" data-widget_type=\"image.default\">\n\t\t\t\t<div class=\"elementor-widget-container\">\n\t\t\t\t\t\t\t\t\t\t\t\t\t\t\t<img decoding=\"async\" width=\"210\" height=\"210\" src=\"https:\/\/unm.fr\/wp-content\/uploads\/2022\/06\/Portrait-DSchnoebelen2.jpg\" class=\"attachment-large size-large wp-image-4739\" alt=\"Denis SCHNOEBELEN\" srcset=\"https:\/\/unm.fr\/wp-content\/uploads\/2022\/06\/Portrait-DSchnoebelen2.jpg 210w, https:\/\/unm.fr\/wp-content\/uploads\/2022\/06\/Portrait-DSchnoebelen2-150x150.jpg 150w\" sizes=\"(max-width: 210px) 100vw, 210px\" \/>\t\t\t\t\t\t\t\t\t\t\t\t\t\t\t<\/div>\n\t\t\t\t<\/div>\n\t\t\t\t<\/div>\n\t\t<div class=\"elementor-element elementor-element-1f8700b e-con-full e-flex e-con e-parent\" data-id=\"1f8700b\" data-element_type=\"container\" data-e-type=\"container\" data-settings=\"{&quot;jet_parallax_layout_list&quot;:[]}\">\n\t\t\t\t<div class=\"elementor-element elementor-element-9424ba4 elementor-widget elementor-widget-text-editor\" data-id=\"9424ba4\" data-element_type=\"widget\" data-e-type=\"widget\" data-widget_type=\"text-editor.default\">\n\t\t\t\t<div class=\"elementor-widget-container\">\n\t\t\t\t\t\t\t\t\t<p>Denis SCHNOEBELEN est impliqu\u00e9 depuis plus de 20 ans dans les travaux de l\u2019UNM. Pr\u00e9sident et d\u00e9sormais membre du Conseil de surveillance du Groupe Mantion, fabricant de syst\u00e8mes coulissants pour le b\u00e2timent bas\u00e9 \u00e0 Besan\u00e7on, il est l\u2019animateur d\u2019un groupe de travail du CEN en charge de la normalisation de ses produits. Il est \u00e9galement pr\u00e9sident de l\u2019ARGE, f\u00e9d\u00e9ration europ\u00e9enne des industries de la quincaillerie, tr\u00e8s impliqu\u00e9 pour \u00e9laborer et porter la strat\u00e9gie de normalisation du domaine. Il est enfin membre du Conseil d\u2019administration de la FIM, o\u00f9 il repr\u00e9sente l\u2019UNIQ (Union nationale des industries de la quincaillerie).<\/p>\t\t\t\t\t\t\t\t<\/div>\n\t\t\t\t<\/div>\n\t\t\t\t<\/div>\n\t\t\t\t\t<\/div>\n\t\t\t\t<\/div>\n\t\t\t\t<section class=\"elementor-section elementor-top-section elementor-element elementor-element-18a5cb1a elementor-section-boxed elementor-section-height-default elementor-section-height-default\" data-id=\"18a5cb1a\" data-element_type=\"section\" data-e-type=\"section\" data-settings=\"{&quot;jet_parallax_layout_list&quot;:[]}\">\n\t\t\t\t\t\t<div class=\"elementor-container elementor-column-gap-default\">\n\t\t\t\t\t<div class=\"elementor-column elementor-col-100 elementor-top-column elementor-element elementor-element-66dd5cdc\" data-id=\"66dd5cdc\" data-element_type=\"column\" data-e-type=\"column\">\n\t\t\t<div class=\"elementor-widget-wrap elementor-element-populated\">\n\t\t\t\t\t\t<div class=\"elementor-element elementor-element-162224b elementor-widget elementor-widget-text-editor\" data-id=\"162224b\" data-element_type=\"widget\" data-e-type=\"widget\" data-widget_type=\"text-editor.default\">\n\t\t\t\t<div class=\"elementor-widget-container\">\n\t\t\t\t\t\t\t\t\t<p>Denis SCHNOEBELEN a rendu un chaleureux hommage \u00e0 J\u00e9r\u00f4me BATAILLE : \u00ab Je tiens \u00e0 saluer l\u2019engagement de J\u00e9r\u00f4me BATAILLE pendant ces presque 7 ann\u00e9es. L\u2019UNM est aujourd\u2019hui largement reconnu par l\u2019ensemble de ses parties prenantes, comme au sein du syst\u00e8me fran\u00e7ais de normalisation, pour son expertise et sa capacit\u00e9 \u00e0 accompagner les strat\u00e9gies industrielles. Nous avons d\u2019immenses d\u00e9fis devant nous, parmi lesquels les transitions digitale et environnementale. Par ailleurs la normalisation aura un r\u00f4le crucial a jouer, face aux crises profondes que nous traversons pour aider \u00e0 la r\u00e9silience de l\u2019industrie fran\u00e7aise et europ\u00e9enne. C\u2019est un honneur de prendre la succession de J\u00e9r\u00f4me BATAILLE et je sais pouvoir compter sur Fr\u00e9d\u00e9ric Ducloyer et les \u00e9quipes de l\u2019UNM pour relever ensemble ces d\u00e9fis. \u00bb<\/p><p>Retrouvez l&#8217;interview de Denis\u00a0SCHNOEBELEN pour l&#8217;UNM ici : <a href=\"https:\/\/www.youtube.com\/watch?v=Qrtn_Ton4Kk\" rel=\"noopener\">YouTube\u00a0<\/a><\/p>\t\t\t\t\t\t\t\t<\/div>\n\t\t\t\t<\/div>\n\t\t\t\t\t<\/div>\n\t\t<\/div>\n\t\t\t\t\t<\/div>\n\t\t<\/section>\n\t\t\t\t<\/div>\n\t\t","protected":false},"excerpt":{"rendered":"<p>Une page se tourne \u00e0 l&#8217;UNM. Arriv\u00e9 au terme de ses deux mandats de 3 ans, J\u00e9r\u00f4me BATAILLE a transmis le flambeau de la pr\u00e9sidence de l&#8217;UNM, sur proposition de la FIM, \u00e0 Denis SCHNOEBELEN lors du CODIR du 23 mars 2022.<\/p>\n","protected":false},"author":7,"featured_media":54153,"comment_status":"open","ping_status":"open","sticky":false,"template":"","format":"standard","meta":{"date-de-webinaire":0,"heure-webinaire":"","duree-webinaire":"","lien-bouton-cta":"","footnotes":""},"categories":[42],"tags":[],"normes-associees":[],"thematique":[2897],"class_list":["post-54101","post","type-post","status-publish","format-standard","has-post-thumbnail","hentry","category-actualite","thematique-vie-de-lunm"],"_links":{"self":[{"href":"https:\/\/unm.fr\/en\/wp-json\/wp\/v2\/posts\/54101","targetHints":{"allow":["GET"]}}],"collection":[{"href":"https:\/\/unm.fr\/en\/wp-json\/wp\/v2\/posts"}],"about":[{"href":"https:\/\/unm.fr\/en\/wp-json\/wp\/v2\/types\/post"}],"author":[{"embeddable":true,"href":"https:\/\/unm.fr\/en\/wp-json\/wp\/v2\/users\/7"}],"replies":[{"embeddable":true,"href":"https:\/\/unm.fr\/en\/wp-json\/wp\/v2\/comments?post=54101"}],"version-history":[{"count":8,"href":"https:\/\/unm.fr\/en\/wp-json\/wp\/v2\/posts\/54101\/revisions"}],"predecessor-version":[{"id":54239,"href":"https:\/\/unm.fr\/en\/wp-json\/wp\/v2\/posts\/54101\/revisions\/54239"}],"wp:featuredmedia":[{"embeddable":true,"href":"https:\/\/unm.fr\/en\/wp-json\/wp\/v2\/media\/54153"}],"wp:attachment":[{"href":"https:\/\/unm.fr\/en\/wp-json\/wp\/v2\/media?parent=54101"}],"wp:term":[{"taxonomy":"category","embeddable":true,"href":"https:\/\/unm.fr\/en\/wp-json\/wp\/v2\/categories?post=54101"},{"taxonomy":"post_tag","embeddable":true,"href":"https:\/\/unm.fr\/en\/wp-json\/wp\/v2\/tags?post=54101"},{"taxonomy":"normes-associees","embeddable":true,"href":"https:\/\/unm.fr\/en\/wp-json\/wp\/v2\/normes-associees?post=54101"},{"taxonomy":"thematique","embeddable":true,"href":"https:\/\/unm.fr\/en\/wp-json\/wp\/v2\/thematique?post=54101"}],"curies":[{"name":"wp","href":"https:\/\/api.w.org\/{rel}","templated":true}]}}