{"id":54096,"date":"2022-05-09T00:00:00","date_gmt":"2022-05-08T22:00:00","guid":{"rendered":"https:\/\/unm.fr\/conception-des-laboratoires-un-accord-international-a-ete-trouve-pour-laffectation-des-projets\/"},"modified":"2022-11-04T01:34:05","modified_gmt":"2022-11-03T23:34:05","slug":"conception-des-laboratoires-un-accord-international-a-ete-trouve-pour-laffectation-des-projets","status":"publish","type":"post","link":"https:\/\/unm.fr\/en\/actualite\/conception-des-laboratoires-un-accord-international-a-ete-trouve-pour-laffectation-des-projets\/","title":{"rendered":"Conception des laboratoires : un accord international a \u00e9t\u00e9 trouv\u00e9 pour l\u2019affectation des projets"},"content":{"rendered":"<p>Apr\u00e8s plusieurs r\u00e9unions de n\u00e9gociation avec le pr\u00e9sident fran\u00e7ais de l\u2019ISO\/TC 336, C\u00e9dric Herry (ERLAB), il a \u00e9t\u00e9 d\u00e9cid\u00e9 que les \u00e9quipements de laboratoires rel\u00e8veraient de l\u2019ISO\/TC 48 et que leur installation dans le laboratoire (ventilation, aspects environnementaux, s\u00e9curit\u00e9) serait affect\u00e9e \u00e0 l\u2019ISO\/TC 336. Les acteurs fran\u00e7ais du secteur, tous tr\u00e8s impliqu\u00e9s au sein de la commission UNM 61, avaient en effet \u00e0 c\u0153ur de garder un maximum de sujets dans le comit\u00e9 sous notre responsabilit\u00e9.<\/p>\n<p>L\u2019histoire ne fait que commencer : les travaux vont pouvoir d\u00e9marrer et l\u2019influence fran\u00e7aise s\u2019y exercer.<\/p>\n<p>Contactez-nous si vous souhaitez participer aux travaux : info@unm.fr<\/p>\n<p>&nbsp;<\/p>\n<p>Cr\u00e9dit photo : Shutterstock.<\/p>\n","protected":false},"excerpt":{"rendered":"<p>Affecter un projet de normes \u00e0 un Comit\u00e9 Technique plut\u00f4t qu&#8217;\u00e0 un autre est un enjeu d&#8217;influence. Dernier exemple : les discussions \u00e2pres men\u00e9es depuis des mois entre le ISO\/TC 48 sous pr\u00e9sidence allemande et l&#8217;ISO\/TC 336, cr\u00e9\u00e9 r\u00e9cemment sous pr\u00e9sidence fran\u00e7aise pour l&#8217;affectation de sujets relatifs aux petits \u00e9quipements de laboratoires. Un accord a finalement \u00e9t\u00e9 trouv\u00e9.<\/p>\n","protected":false},"author":7,"featured_media":54135,"comment_status":"open","ping_status":"open","sticky":false,"template":"","format":"standard","meta":{"date-de-webinaire":0,"heure-webinaire":"","duree-webinaire":"","lien-bouton-cta":"","footnotes":""},"categories":[42],"tags":[],"normes-associees":[],"thematique":[87],"class_list":["post-54096","post","type-post","status-publish","format-standard","has-post-thumbnail","hentry","category-actualite","thematique-machines"],"_links":{"self":[{"href":"https:\/\/unm.fr\/en\/wp-json\/wp\/v2\/posts\/54096","targetHints":{"allow":["GET"]}}],"collection":[{"href":"https:\/\/unm.fr\/en\/wp-json\/wp\/v2\/posts"}],"about":[{"href":"https:\/\/unm.fr\/en\/wp-json\/wp\/v2\/types\/post"}],"author":[{"embeddable":true,"href":"https:\/\/unm.fr\/en\/wp-json\/wp\/v2\/users\/7"}],"replies":[{"embeddable":true,"href":"https:\/\/unm.fr\/en\/wp-json\/wp\/v2\/comments?post=54096"}],"version-history":[{"count":2,"href":"https:\/\/unm.fr\/en\/wp-json\/wp\/v2\/posts\/54096\/revisions"}],"predecessor-version":[{"id":54201,"href":"https:\/\/unm.fr\/en\/wp-json\/wp\/v2\/posts\/54096\/revisions\/54201"}],"wp:featuredmedia":[{"embeddable":true,"href":"https:\/\/unm.fr\/en\/wp-json\/wp\/v2\/media\/54135"}],"wp:attachment":[{"href":"https:\/\/unm.fr\/en\/wp-json\/wp\/v2\/media?parent=54096"}],"wp:term":[{"taxonomy":"category","embeddable":true,"href":"https:\/\/unm.fr\/en\/wp-json\/wp\/v2\/categories?post=54096"},{"taxonomy":"post_tag","embeddable":true,"href":"https:\/\/unm.fr\/en\/wp-json\/wp\/v2\/tags?post=54096"},{"taxonomy":"normes-associees","embeddable":true,"href":"https:\/\/unm.fr\/en\/wp-json\/wp\/v2\/normes-associees?post=54096"},{"taxonomy":"thematique","embeddable":true,"href":"https:\/\/unm.fr\/en\/wp-json\/wp\/v2\/thematique?post=54096"}],"curies":[{"name":"wp","href":"https:\/\/api.w.org\/{rel}","templated":true}]}}