{"id":54095,"date":"2022-05-10T00:00:00","date_gmt":"2022-05-09T22:00:00","guid":{"rendered":"https:\/\/unm.fr\/presses-plieuses-point-sur-lavancement-des-travaux\/"},"modified":"2022-11-03T20:38:07","modified_gmt":"2022-11-03T18:38:07","slug":"presses-plieuses-point-sur-lavancement-des-travaux","status":"publish","type":"post","link":"https:\/\/unm.fr\/en\/actualite\/presses-plieuses-point-sur-lavancement-des-travaux\/","title":{"rendered":"Presses plieuses : point sur l&#8217;avancement des travaux"},"content":{"rendered":"<p style=\"text-align: justify;\">Dans la foul\u00e9e de la publication des normes de la s\u00e9rie NF EN ISO 16092 Presses r\u00e9visant les normes de presses m\u00e9caniques, hydrauliques et pneumatiques, ils ont engag\u00e9 les travaux de r\u00e9vision de la NF EN 12622:2009 + A1:2013 Presses plieuses.<\/p>\n<p style=\"text-align: justify;\">La proposition d\u2019\u00e9tude nouvelle a \u00e9t\u00e9 approuv\u00e9e \u00e0 l\u2019ISO fin 2021 et au CEN d\u00e9but 2022. Le projet est d\u00e9sormais d\u00e9velopp\u00e9 sous Accord de Vienne, sous la direction de la France (non seulement en tant que chef de projet mais aussi en tant qu\u2019animateur et secr\u00e9taire du groupe de travail). M\u00eame si le projet a d\u2019ores et d\u00e9j\u00e0 donn\u00e9 lieu \u00e0 nombre de commentaires et discussions, sauf accident de parcours, il aboutira \u00e0 la publication en 2025, d\u2019une norme sous la r\u00e9f\u00e9rence NF EN ISO 6909.<\/p>\n<p style=\"text-align: justify;\">Pour cette r\u00e9vision comme pour celles qui l\u2019ont pr\u00e9c\u00e9d\u00e9e, la transposition \u00e0 l\u2019ISO a permis d\u2019\u00e9largir le nombre des contributeurs au-del\u00e0 de l\u2019espace europ\u00e9en par la pr\u00e9sence active d\u2019experts am\u00e9ricains, australiens, canadiens, chinois, japonais et par l\u00e0-m\u00eame d&#8217;actualiser de fa\u00e7on optimale des pratiques industrielles marqu\u00e9es par de v\u00e9ritables progr\u00e8s techniques<\/p>\n<p>Contactez-nous si vous souhaitez participer aux travaux : info@unm.fr&nbsp;<\/p>\n","protected":false},"excerpt":{"rendered":"<p>Forts de l&#8217;exp\u00e9rience encore fraiche de la transposition de normes de presses europ\u00e9ennes \u00e0 l&#8217;international, les experts du groupe de travail en charge des machines de formage du m\u00e9tal ont d\u00e9cid\u00e9 de capitaliser sur elle.<\/p>\n","protected":false},"author":7,"featured_media":54137,"comment_status":"open","ping_status":"open","sticky":false,"template":"","format":"standard","meta":{"date-de-webinaire":0,"heure-webinaire":"","duree-webinaire":"","lien-bouton-cta":"","footnotes":""},"categories":[42],"tags":[],"normes-associees":[2926,2924,2925],"thematique":[87,78,83],"class_list":["post-54095","post","type-post","status-publish","format-standard","has-post-thumbnail","hentry","category-actualite","normes-associees-en-12622","normes-associees-en-iso-16092-serie","normes-associees-en-iso-6909","thematique-machines","thematique-mecanique","thematique-securite-des-machines"],"_links":{"self":[{"href":"https:\/\/unm.fr\/en\/wp-json\/wp\/v2\/posts\/54095","targetHints":{"allow":["GET"]}}],"collection":[{"href":"https:\/\/unm.fr\/en\/wp-json\/wp\/v2\/posts"}],"about":[{"href":"https:\/\/unm.fr\/en\/wp-json\/wp\/v2\/types\/post"}],"author":[{"embeddable":true,"href":"https:\/\/unm.fr\/en\/wp-json\/wp\/v2\/users\/7"}],"replies":[{"embeddable":true,"href":"https:\/\/unm.fr\/en\/wp-json\/wp\/v2\/comments?post=54095"}],"version-history":[{"count":2,"href":"https:\/\/unm.fr\/en\/wp-json\/wp\/v2\/posts\/54095\/revisions"}],"predecessor-version":[{"id":54198,"href":"https:\/\/unm.fr\/en\/wp-json\/wp\/v2\/posts\/54095\/revisions\/54198"}],"wp:featuredmedia":[{"embeddable":true,"href":"https:\/\/unm.fr\/en\/wp-json\/wp\/v2\/media\/54137"}],"wp:attachment":[{"href":"https:\/\/unm.fr\/en\/wp-json\/wp\/v2\/media?parent=54095"}],"wp:term":[{"taxonomy":"category","embeddable":true,"href":"https:\/\/unm.fr\/en\/wp-json\/wp\/v2\/categories?post=54095"},{"taxonomy":"post_tag","embeddable":true,"href":"https:\/\/unm.fr\/en\/wp-json\/wp\/v2\/tags?post=54095"},{"taxonomy":"normes-associees","embeddable":true,"href":"https:\/\/unm.fr\/en\/wp-json\/wp\/v2\/normes-associees?post=54095"},{"taxonomy":"thematique","embeddable":true,"href":"https:\/\/unm.fr\/en\/wp-json\/wp\/v2\/thematique?post=54095"}],"curies":[{"name":"wp","href":"https:\/\/api.w.org\/{rel}","templated":true}]}}