{"id":54094,"date":"2022-05-11T00:00:00","date_gmt":"2022-05-10T22:00:00","guid":{"rendered":"https:\/\/unm.fr\/?p=54094"},"modified":"2022-11-03T20:26:31","modified_gmt":"2022-11-03T18:26:31","slug":"de-la-r-d-a-la-normalisation-il-ny-a-quun-pas","status":"publish","type":"post","link":"https:\/\/unm.fr\/en\/actualite\/de-la-r-d-a-la-normalisation-il-ny-a-quun-pas\/","title":{"rendered":"De la R&#038;D \u00e0 la normalisation, il n\u2019y a qu\u2019un pas"},"content":{"rendered":"<p>Leur travail porte ses fruits. Retour sur les premiers mois d\u2019activit\u00e9 :<\/p>\n<ul>\n<li style=\"text-align: justify;\">Industrie du Futur : l\u2019UNM a fortement contribu\u00e9 \u00e0 la feuille de route demand\u00e9e par les pouvoirs publics \u00e0 AFNOR visant \u00e0 \u00e9tablir une strat\u00e9gie de normalisation sur le sujet. Autre action en cours : une r\u00e9flexion a \u00e9t\u00e9 initi\u00e9e avec le CETIM pour coupler essais et simulation num\u00e9rique sur certains produits de la m\u00e9canique<\/li>\n<li style=\"text-align: justify;\">Environnement : une cartographie de l\u2019ensemble des normes et projets de l\u2019UNM est en cours de mise au point pour \u00e9valuer tous les aspects d\u00e9j\u00e0 couverts et ceux sur lesquels il est n\u00e9cessaire de s\u2019investir<\/li>\n<li style=\"text-align: justify;\">S\u00e9curit\u00e9 des machines : nous nous organisons pour anticiper l\u2019arriv\u00e9e du futur r\u00e8glement machines qui am\u00e8nera \u00e0 r\u00e9viser les 560 normes g\u00e9r\u00e9es par l\u2019UNM : quels axes techniques vont devoir \u00eatre d\u00e9velopp\u00e9s, quels outils vont devoir \u00eatre mis au point pour aider les comit\u00e9s techniques \u00e0 mettre \u00e0 jour leurs normes<\/li>\n<li style=\"text-align: justify;\">Equipements Sous Pression : la Commission Europ\u00e9enne lance un programme de r\u00e9vision de l\u2019ensemble des normes du domaine sur 7 ans. De nouveaux th\u00e8mes propos\u00e9s empi\u00e8tent sur la r\u00e9glementation nationale : les parties prenantes fran\u00e7aises s\u2019organisent<\/li>\n<li style=\"text-align: justify;\">&nbsp;Normalisation et normes du futur : l\u2019avenir des normes r\u00e9side dans notre capacit\u00e9 \u00e0 adapter leur format aux besoins des clients. L\u2019int\u00e9gration de leur contenu dans des logiciels avec un format \u00ab standardis\u00e9 \u00bb est une des r\u00e9ponses : destructurer les normes pour en ressortir les exigences sur les produits en constitue le d\u00e9fi.<\/li>\n<li style=\"text-align: justify;\">Hydrog\u00e8ne : les initiatives se multiplient et les m\u00e9caniciens ont besoin d\u2019en \u00eatre tenus inform\u00e9s. A la demande du CETIM, une cartographie des normes int\u00e9ressant les m\u00e9caniciens a \u00e9t\u00e9 mise au point. &nbsp;<\/li>\n<\/ul>\n<p style=\"text-align: justify;\">En s\u2019appuyant sur les parties prenantes et en lien avec leur strat\u00e9gie de normalisation, la mise au point de la feuille de route de chaque domaine se poursuit.<\/p>\n<p>A suivre\u2026<\/p>\n<p>&nbsp;<\/p>\n<p>Cr\u00e9dit image : Shutterstock.<\/p>\n","protected":false},"excerpt":{"rendered":"<p>Nous avions annonc\u00e9 en janvier 2022 la nomination de pilotes d&#8217;activit\u00e9s pour &#8220;booster&#8221; la capacit\u00e9 des commissions de normalisation de l&#8217;UNM \u00e0 proposer des initiatives normatives aux niveaux europ\u00e9en et international. Ces pilotes sont charg\u00e9s de coordonner et de d\u00e9velopper l&#8217;activit\u00e9 de normalisation sur des sujets strat\u00e9giques et bien souvent transverses \u00e0 l&#8217;ensemble des domaines de l&#8217;UNM.<\/p>\n","protected":false},"author":7,"featured_media":54139,"comment_status":"open","ping_status":"open","sticky":false,"template":"","format":"standard","meta":{"date-de-webinaire":0,"heure-webinaire":"","duree-webinaire":"","lien-bouton-cta":"","footnotes":""},"categories":[42],"tags":[],"normes-associees":[],"thematique":[2897],"class_list":["post-54094","post","type-post","status-publish","format-standard","has-post-thumbnail","hentry","category-actualite","thematique-vie-de-lunm"],"_links":{"self":[{"href":"https:\/\/unm.fr\/en\/wp-json\/wp\/v2\/posts\/54094","targetHints":{"allow":["GET"]}}],"collection":[{"href":"https:\/\/unm.fr\/en\/wp-json\/wp\/v2\/posts"}],"about":[{"href":"https:\/\/unm.fr\/en\/wp-json\/wp\/v2\/types\/post"}],"author":[{"embeddable":true,"href":"https:\/\/unm.fr\/en\/wp-json\/wp\/v2\/users\/7"}],"replies":[{"embeddable":true,"href":"https:\/\/unm.fr\/en\/wp-json\/wp\/v2\/comments?post=54094"}],"version-history":[{"count":2,"href":"https:\/\/unm.fr\/en\/wp-json\/wp\/v2\/posts\/54094\/revisions"}],"predecessor-version":[{"id":54196,"href":"https:\/\/unm.fr\/en\/wp-json\/wp\/v2\/posts\/54094\/revisions\/54196"}],"wp:featuredmedia":[{"embeddable":true,"href":"https:\/\/unm.fr\/en\/wp-json\/wp\/v2\/media\/54139"}],"wp:attachment":[{"href":"https:\/\/unm.fr\/en\/wp-json\/wp\/v2\/media?parent=54094"}],"wp:term":[{"taxonomy":"category","embeddable":true,"href":"https:\/\/unm.fr\/en\/wp-json\/wp\/v2\/categories?post=54094"},{"taxonomy":"post_tag","embeddable":true,"href":"https:\/\/unm.fr\/en\/wp-json\/wp\/v2\/tags?post=54094"},{"taxonomy":"normes-associees","embeddable":true,"href":"https:\/\/unm.fr\/en\/wp-json\/wp\/v2\/normes-associees?post=54094"},{"taxonomy":"thematique","embeddable":true,"href":"https:\/\/unm.fr\/en\/wp-json\/wp\/v2\/thematique?post=54094"}],"curies":[{"name":"wp","href":"https:\/\/api.w.org\/{rel}","templated":true}]}}