{"id":49061,"date":"2021-03-12T00:00:00","date_gmt":"2021-03-11T22:00:00","guid":{"rendered":"https:\/\/unm.fr\/temoignages-dacteurs-engages-wilo-robert-dodane\/"},"modified":"2022-12-21T18:30:56","modified_gmt":"2022-12-21T17:30:56","slug":"robert-dodane-wilo-temoignages-dacteurs-engages","status":"publish","type":"post","link":"https:\/\/unm.fr\/en\/temoignage\/robert-dodane-wilo-temoignages-dacteurs-engages\/","title":{"rendered":"Robert Dodane &#8211; WILO &#8211; T\u00e9moignages d&#8217;acteurs engag\u00e9s"},"content":{"rendered":"<p>Les acteurs du syst\u00e8me de normalisation partagent leur retour d\u2019exp\u00e9rience.<\/p>\n<p><em>T\u00e9moignage de Robert Dodane, Group Director, Product Compliance Manager chez WILO<\/em><\/p>\n<h2>Quel int\u00e9r\u00eat pour votre entreprise ?<\/h2>\n<p>La participation aux travaux est strat\u00e9gique. Elle nous permet de percevoir et de capitaliser toutes sortes d\u2019informations que nous retraitons en interne. C\u2019est une v\u00e9ritable veille technologique sur mesure. Nous sommes alert\u00e9s au bon moment et pouvons anticiper le b\u00e9n\u00e9fice d\u2019une norme. Par exemple, la Directive Ecodesign s\u2019appuie sur des normes g\u00e9n\u00e9riques d\u2019\u00e9valuation qui vont pouvoir \u00eatre utilis\u00e9es au-del\u00e0 du cadre de la directive et soutenir le d\u00e9ploiement de l&#8217;\u00e9conomie circulaire des produits.<\/p>\n<h2>Votre meilleur succ\u00e8s ?<\/h2>\n<p>Avoir contribu\u00e9, en tant que pr\u00e9sident d\u2019un comit\u00e9 technique ISO, \u00e0 g\u00e9rer des situations tendues ou favoriser le dialogue entre fabricants europ\u00e9ens et repr\u00e9sentants d\u2019organismes comme l\u2019ASME (American Society of Mechanical Engineers). Un impact peu quantifiable mais positif dans la suite des discussions techniques.<\/p>\n<p>WILO con\u00e7oit et fabrique des pompes et des syst\u00e8mes de pompage pour les 3 march\u00e9s du B\u00e2timent, du Cycle de l&#8217;eau et de l&#8217;Industrie.<\/p>\n<p>&nbsp;<\/p>\n<p>Cr\u00e9dit photo : Wilo<\/p>\n","protected":false},"excerpt":{"rendered":"<p>&#8220;La participation aux travaux de normalisation est strat\u00e9gique, c\u2019est une v\u00e9ritable veille technologique sur mesure&#8221; &#8211; T\u00e9moignage de Robert Dodane, Group Director chez WILO<\/p>\n","protected":false},"author":7,"featured_media":49087,"comment_status":"closed","ping_status":"open","sticky":false,"template":"","format":"standard","meta":{"date-de-webinaire":0,"heure-webinaire":"","duree-webinaire":"","lien-bouton-cta":"false","footnotes":""},"categories":[76],"tags":[],"normes-associees":[],"thematique":[78],"class_list":["post-49061","post","type-post","status-publish","format-standard","has-post-thumbnail","hentry","category-temoignage","thematique-mecanique"],"_links":{"self":[{"href":"https:\/\/unm.fr\/en\/wp-json\/wp\/v2\/posts\/49061","targetHints":{"allow":["GET"]}}],"collection":[{"href":"https:\/\/unm.fr\/en\/wp-json\/wp\/v2\/posts"}],"about":[{"href":"https:\/\/unm.fr\/en\/wp-json\/wp\/v2\/types\/post"}],"author":[{"embeddable":true,"href":"https:\/\/unm.fr\/en\/wp-json\/wp\/v2\/users\/7"}],"replies":[{"embeddable":true,"href":"https:\/\/unm.fr\/en\/wp-json\/wp\/v2\/comments?post=49061"}],"version-history":[{"count":3,"href":"https:\/\/unm.fr\/en\/wp-json\/wp\/v2\/posts\/49061\/revisions"}],"predecessor-version":[{"id":57214,"href":"https:\/\/unm.fr\/en\/wp-json\/wp\/v2\/posts\/49061\/revisions\/57214"}],"wp:featuredmedia":[{"embeddable":true,"href":"https:\/\/unm.fr\/en\/wp-json\/wp\/v2\/media\/49087"}],"wp:attachment":[{"href":"https:\/\/unm.fr\/en\/wp-json\/wp\/v2\/media?parent=49061"}],"wp:term":[{"taxonomy":"category","embeddable":true,"href":"https:\/\/unm.fr\/en\/wp-json\/wp\/v2\/categories?post=49061"},{"taxonomy":"post_tag","embeddable":true,"href":"https:\/\/unm.fr\/en\/wp-json\/wp\/v2\/tags?post=49061"},{"taxonomy":"normes-associees","embeddable":true,"href":"https:\/\/unm.fr\/en\/wp-json\/wp\/v2\/normes-associees?post=49061"},{"taxonomy":"thematique","embeddable":true,"href":"https:\/\/unm.fr\/en\/wp-json\/wp\/v2\/thematique?post=49061"}],"curies":[{"name":"wp","href":"https:\/\/api.w.org\/{rel}","templated":true}]}}