{"id":49060,"date":"2021-02-16T12:15:09","date_gmt":"2021-02-16T10:15:09","guid":{"rendered":"https:\/\/unm.fr\/temoignages-dacteurs-engages-lennox-emea-alain-compingt\/"},"modified":"2022-12-21T18:34:04","modified_gmt":"2022-12-21T17:34:04","slug":"alain-compingt-lennox-emea-temoignages-dacteurs-engages","status":"publish","type":"post","link":"https:\/\/unm.fr\/en\/temoignage\/alain-compingt-lennox-emea-temoignages-dacteurs-engages\/","title":{"rendered":"Alain Compingt &#8211; LENNOX EMEA &#8211; T\u00e9moignages d&#8217;acteurs engag\u00e9s"},"content":{"rendered":"<h2>Quel b\u00e9n\u00e9fice pour votre entreprise ?<\/h2>\n<p>Une participation proactive \u00e0 la r\u00e9daction des normes et autres r\u00e8glementations europ\u00e9ennes b\u00e9n\u00e9ficie \u00e0 mon entreprise. Elle permet d\u2019anticiper leurs publications en les prenant en compte dans nos phases de d\u00e9veloppement produits et de conception et contribue ainsi \u00e0 la mise sur le march\u00e9 de produits s\u00e9cures et conformes \u00e0 la r\u00e9glementation.&nbsp; Notre laboratoire de recherche et d\u00e9veloppement b\u00e9n\u00e9ficie aussi de ce travail en ayant toutes les informations n\u00e9cessaires \u00e0 la prise en compte des futures modifications normatives ou r\u00e9glementaires dans les process d\u2019essais et donc les investissements \u00e0 pr\u00e9voir.<\/p>\n<h2>Votre meilleur succ\u00e8s ?<\/h2>\n<p>Avoir contribu\u00e9, avec mes pairs (syndicats professionnels, centres techniques de la profession, confr\u00e8res), \u00e0 la prise en compte des caract\u00e9ristiques de certaines familles de produits dans les r\u00e8glementations \u00e9coconception en \u00e9vitant ainsi des contraintes qui ne se justifiaient pas et qui auraient \u00e9t\u00e9 lourdes de cons\u00e9quences au niveau des usines et donc de l\u2019emploi.<\/p>\n<p><strong>LENNOX EMEA<\/strong> (Europe, Moyen-Orient, Afrique), division de Lennox International Incorporated (LII), con\u00e7oit et fabrique du mat\u00e9riel de chauffage, de climatisation, de traitement d\u2019air et de r\u00e9frig\u00e9ration.<\/p>\n<h3><\/h3>\n<p>Cr\u00e9dit photo : LENNOX EMEA<\/p>\n","protected":false},"excerpt":{"rendered":"<p>\u00ab \u00catre proactif dans les travaux de normalisation est essentiel \u00bb\u00a0T\u00e9moignage d\u2019Alain Compingt, Regulatory &#038; External Relationship Senior Manager LENNOX EMEA<\/p>\n","protected":false},"author":7,"featured_media":49090,"comment_status":"closed","ping_status":"open","sticky":false,"template":"","format":"standard","meta":{"date-de-webinaire":0,"heure-webinaire":"","duree-webinaire":"","lien-bouton-cta":"false","footnotes":""},"categories":[76],"tags":[],"normes-associees":[],"thematique":[87],"class_list":["post-49060","post","type-post","status-publish","format-standard","has-post-thumbnail","hentry","category-temoignage","thematique-machines"],"_links":{"self":[{"href":"https:\/\/unm.fr\/en\/wp-json\/wp\/v2\/posts\/49060","targetHints":{"allow":["GET"]}}],"collection":[{"href":"https:\/\/unm.fr\/en\/wp-json\/wp\/v2\/posts"}],"about":[{"href":"https:\/\/unm.fr\/en\/wp-json\/wp\/v2\/types\/post"}],"author":[{"embeddable":true,"href":"https:\/\/unm.fr\/en\/wp-json\/wp\/v2\/users\/7"}],"replies":[{"embeddable":true,"href":"https:\/\/unm.fr\/en\/wp-json\/wp\/v2\/comments?post=49060"}],"version-history":[{"count":4,"href":"https:\/\/unm.fr\/en\/wp-json\/wp\/v2\/posts\/49060\/revisions"}],"predecessor-version":[{"id":57216,"href":"https:\/\/unm.fr\/en\/wp-json\/wp\/v2\/posts\/49060\/revisions\/57216"}],"wp:featuredmedia":[{"embeddable":true,"href":"https:\/\/unm.fr\/en\/wp-json\/wp\/v2\/media\/49090"}],"wp:attachment":[{"href":"https:\/\/unm.fr\/en\/wp-json\/wp\/v2\/media?parent=49060"}],"wp:term":[{"taxonomy":"category","embeddable":true,"href":"https:\/\/unm.fr\/en\/wp-json\/wp\/v2\/categories?post=49060"},{"taxonomy":"post_tag","embeddable":true,"href":"https:\/\/unm.fr\/en\/wp-json\/wp\/v2\/tags?post=49060"},{"taxonomy":"normes-associees","embeddable":true,"href":"https:\/\/unm.fr\/en\/wp-json\/wp\/v2\/normes-associees?post=49060"},{"taxonomy":"thematique","embeddable":true,"href":"https:\/\/unm.fr\/en\/wp-json\/wp\/v2\/thematique?post=49060"}],"curies":[{"name":"wp","href":"https:\/\/api.w.org\/{rel}","templated":true}]}}