{"id":49059,"date":"2021-04-14T12:15:09","date_gmt":"2021-04-14T10:15:09","guid":{"rendered":"https:\/\/unm.fr\/temoignages-dacteurs-engages-assa-abloy-pierre-vilain\/"},"modified":"2022-12-21T18:29:39","modified_gmt":"2022-12-21T17:29:39","slug":"pierre-vilain-assa-abloy-temoignages-dacteurs-engages","status":"publish","type":"post","link":"https:\/\/unm.fr\/en\/temoignage\/pierre-vilain-assa-abloy-temoignages-dacteurs-engages\/","title":{"rendered":"Pierre Vilain &#8211; Assa Abloy EMEA &#8211; T\u00e9moignages d&#8217;acteurs engag\u00e9s"},"content":{"rendered":"<p><em><span style=\"color: #2c4260; font-family: Overpass, sans-serif; font-size: 18px; font-style: normal; font-variant-ligatures: normal; font-variant-caps: normal; font-weight: 300; letter-spacing: normal; orphans: 2; text-align: justify; text-indent: 0px; text-transform: none; white-space: normal; widows: 2; word-spacing: 0px; -webkit-text-stroke-width: 0px; background-color: #f3f3f3; text-decoration-thickness: initial; text-decoration-style: initial; text-decoration-color: initial; display: inline !important; float: none;\">Les acteurs du syst\u00e8me de normalisation partagent leur retour d\u2019exp\u00e9rience.&nbsp;<\/span><\/em><\/p>\n<p><em>T\u00e9moignage de Pierre Vilain, &#8220;Head of Product Compliance and standards\u201d, pour ASSA ABLOY EMEA<\/em><\/p>\n<h2>La participation aux travaux de normalisation, quel int\u00e9r\u00eat pour votre entreprise ?<\/h2>\n<p>Les normes nous aident beaucoup \u00e0 promouvoir les performances de nos produits, en offrant \u00e0 nos clients des r\u00e9f\u00e9rences d\u2019\u00e9valuation sur diff\u00e9rents crit\u00e8res comme l\u2019endurance, la s\u00e9curit\u00e9 des biens et des personnes, ou la r\u00e9sistance \u00e0 la corrosion par exemple.<\/p>\n<p>Elles servent aussi comme base aux marques de qualit\u00e9, comme le label A2P ou la marque NF, tr\u00e8s reconnues dans notre domaine d\u2019activit\u00e9.<\/p>\n<p>Ainsi, en participant \u00e0 l\u2019\u00e9laboration de ces normes, voire en \u00e9tant animateur des groupes de travail europ\u00e9ens, nous avons les leviers pour les adapter au mieux aux demandes du march\u00e9, afin qu\u2019elles soient pertinentes, en tant que norme volontaire, ou comme &#8220;norme harmonis\u00e9e&#8221; dans le cadre du marquage CE.<\/p>\n<h2>Votre meilleur succ\u00e8s ?<\/h2>\n<p>Notre challenge le plus important est depuis quelques ann\u00e9es d\u2019introduire dans nos normes les nouvelles tendances fortes du march\u00e9 que sont le d\u00e9veloppement durable et la digitalisation de nos produits. Historiquement plut\u00f4t \u00e0 dominante m\u00e9canique, nos produits et donc nos normes doivent r\u00e9pondre \u00e0 ces nouvelles donn\u00e9es. Nous contribuons \u00e0 cette \u00e9volution majeure que nous avons d\u00e9j\u00e0 engag\u00e9e, en d\u00e9veloppant par exemple une norme europ\u00e9enne de s\u00e9curit\u00e9 pour les serrures \u00e9lectroniques connect\u00e9es, qui devrait \u00eatre publi\u00e9e prochainement.<\/p>\n<p><strong>ASSA ABLOY<\/strong>, groupe su\u00e9dois, est le leader mondial des solutions d&#8217;ouverture de portes, dans le secteur r\u00e9sidentiel et tertiaire. Ses principales marques vendues en France sont Vachette, Fichet, JPM, Mul-T-Lock, Yale et Abloy.<\/p>\n<p>Cr\u00e9dit photo : Yale Linus<\/p>\n","protected":false},"excerpt":{"rendered":"<p>&#8220;Les normes nous aident beaucoup \u00e0 promouvoir les performances de nos produits&#8221; explique Pierre Vilain, Head of Product Compliance and standards, pour ASSA ABLOY EMEA<\/p>\n","protected":false},"author":7,"featured_media":49084,"comment_status":"closed","ping_status":"open","sticky":false,"template":"","format":"standard","meta":{"date-de-webinaire":0,"heure-webinaire":"","duree-webinaire":"","lien-bouton-cta":"false","footnotes":""},"categories":[76],"tags":[],"normes-associees":[],"thematique":[86],"class_list":["post-49059","post","type-post","status-publish","format-standard","has-post-thumbnail","hentry","category-temoignage","thematique-composants-et-pieces-mecaniques"],"_links":{"self":[{"href":"https:\/\/unm.fr\/en\/wp-json\/wp\/v2\/posts\/49059","targetHints":{"allow":["GET"]}}],"collection":[{"href":"https:\/\/unm.fr\/en\/wp-json\/wp\/v2\/posts"}],"about":[{"href":"https:\/\/unm.fr\/en\/wp-json\/wp\/v2\/types\/post"}],"author":[{"embeddable":true,"href":"https:\/\/unm.fr\/en\/wp-json\/wp\/v2\/users\/7"}],"replies":[{"embeddable":true,"href":"https:\/\/unm.fr\/en\/wp-json\/wp\/v2\/comments?post=49059"}],"version-history":[{"count":4,"href":"https:\/\/unm.fr\/en\/wp-json\/wp\/v2\/posts\/49059\/revisions"}],"predecessor-version":[{"id":57212,"href":"https:\/\/unm.fr\/en\/wp-json\/wp\/v2\/posts\/49059\/revisions\/57212"}],"wp:featuredmedia":[{"embeddable":true,"href":"https:\/\/unm.fr\/en\/wp-json\/wp\/v2\/media\/49084"}],"wp:attachment":[{"href":"https:\/\/unm.fr\/en\/wp-json\/wp\/v2\/media?parent=49059"}],"wp:term":[{"taxonomy":"category","embeddable":true,"href":"https:\/\/unm.fr\/en\/wp-json\/wp\/v2\/categories?post=49059"},{"taxonomy":"post_tag","embeddable":true,"href":"https:\/\/unm.fr\/en\/wp-json\/wp\/v2\/tags?post=49059"},{"taxonomy":"normes-associees","embeddable":true,"href":"https:\/\/unm.fr\/en\/wp-json\/wp\/v2\/normes-associees?post=49059"},{"taxonomy":"thematique","embeddable":true,"href":"https:\/\/unm.fr\/en\/wp-json\/wp\/v2\/thematique?post=49059"}],"curies":[{"name":"wp","href":"https:\/\/api.w.org\/{rel}","templated":true}]}}