{"id":49050,"date":"2022-03-15T12:15:09","date_gmt":"2022-03-15T10:15:09","guid":{"rendered":"https:\/\/unm.fr\/temoignages-dacteurs-engages-federation-des-industries-mecaniques-philippe-contet\/"},"modified":"2022-12-21T18:08:29","modified_gmt":"2022-12-21T17:08:29","slug":"philippe-contet-federation-des-industries-mecaniques-temoignages-dacteurs-engages","status":"publish","type":"post","link":"https:\/\/unm.fr\/en\/temoignage\/philippe-contet-federation-des-industries-mecaniques-temoignages-dacteurs-engages\/","title":{"rendered":"Philippe Contet &#8211; F\u00e9d\u00e9ration des industries m\u00e9caniques &#8211; T\u00e9moignages d&#8217;acteurs engag\u00e9s"},"content":{"rendered":"<p>D\u00e9couvrez les pr\u00e9c\u00e9dents&nbsp;t\u00e9moignages de nos parties prenantes sur&nbsp;<a href=\"https:\/\/www.youtube.com\/channel\/UCtfuR6umsIDwfsoYMA8MugQ\/featured\" target=\"_blank\" rel=\"nofollow noopener\">notre page Youtube<\/a>.<\/p>\n","protected":false},"excerpt":{"rendered":"<p>&#8220;La normalisation est primordiale, c&#8217;est une arme strat\u00e9gique sur le plan \u00e9conomique.&#8221; D\u00e9couvrez en quoi la normalisation est une arme strat\u00e9gique pour les chefs d&#8217;entreprise gr\u00e2ce au t\u00e9moignage de\u00a0Philippe Contet, Directeur G\u00e9n\u00e9ral de la FIM (F\u00e9d\u00e9ration des Industries M\u00e9caniques).<\/p>\n","protected":false},"author":7,"featured_media":48998,"comment_status":"closed","ping_status":"open","sticky":false,"template":"","format":"standard","meta":{"date-de-webinaire":0,"heure-webinaire":"","duree-webinaire":"","lien-bouton-cta":"false","footnotes":""},"categories":[76],"tags":[],"normes-associees":[],"thematique":[2897,88],"class_list":["post-49050","post","type-post","status-publish","format-standard","has-post-thumbnail","hentry","category-temoignage","thematique-vie-de-lunm","thematique-vie-du-systeme-de-normalisation"],"_links":{"self":[{"href":"https:\/\/unm.fr\/en\/wp-json\/wp\/v2\/posts\/49050","targetHints":{"allow":["GET"]}}],"collection":[{"href":"https:\/\/unm.fr\/en\/wp-json\/wp\/v2\/posts"}],"about":[{"href":"https:\/\/unm.fr\/en\/wp-json\/wp\/v2\/types\/post"}],"author":[{"embeddable":true,"href":"https:\/\/unm.fr\/en\/wp-json\/wp\/v2\/users\/7"}],"replies":[{"embeddable":true,"href":"https:\/\/unm.fr\/en\/wp-json\/wp\/v2\/comments?post=49050"}],"version-history":[{"count":4,"href":"https:\/\/unm.fr\/en\/wp-json\/wp\/v2\/posts\/49050\/revisions"}],"predecessor-version":[{"id":57193,"href":"https:\/\/unm.fr\/en\/wp-json\/wp\/v2\/posts\/49050\/revisions\/57193"}],"wp:featuredmedia":[{"embeddable":true,"href":"https:\/\/unm.fr\/en\/wp-json\/wp\/v2\/media\/48998"}],"wp:attachment":[{"href":"https:\/\/unm.fr\/en\/wp-json\/wp\/v2\/media?parent=49050"}],"wp:term":[{"taxonomy":"category","embeddable":true,"href":"https:\/\/unm.fr\/en\/wp-json\/wp\/v2\/categories?post=49050"},{"taxonomy":"post_tag","embeddable":true,"href":"https:\/\/unm.fr\/en\/wp-json\/wp\/v2\/tags?post=49050"},{"taxonomy":"normes-associees","embeddable":true,"href":"https:\/\/unm.fr\/en\/wp-json\/wp\/v2\/normes-associees?post=49050"},{"taxonomy":"thematique","embeddable":true,"href":"https:\/\/unm.fr\/en\/wp-json\/wp\/v2\/thematique?post=49050"}],"curies":[{"name":"wp","href":"https:\/\/api.w.org\/{rel}","templated":true}]}}